{"id":10701,"date":"2024-09-13T09:50:25","date_gmt":"2024-09-13T09:50:25","guid":{"rendered":"https:\/\/staging.cafemotorbike.com\/?p=10256"},"modified":"2025-06-29T16:11:47","modified_gmt":"2025-06-29T16:11:47","slug":"avventure-in-moto-a-tenerife-da-santa-cruz-a-valle-guerra-3","status":"publish","type":"post","link":"https:\/\/www.cafemotorbike.com\/it\/must-do-motorbike-route-from-teide-to-anaga\/","title":{"rendered":"6) Itinerario imperdibile in moto: Dal Teide ad Anaga"},"content":{"rendered":"<div data-elementor-type=\"wp-post\" data-elementor-id=\"10701\" class=\"elementor elementor-10701\" data-elementor-post-type=\"post\">\n\t\t\t\t\t\t<section class=\"elementor-section elementor-top-section elementor-element elementor-element-fd41f16 elementor-section-boxed elementor-section-height-default elementor-section-height-default\" data-id=\"fd41f16\" data-element_type=\"section\" data-e-type=\"section\">\n\t\t\t\t\t\t<div class=\"elementor-container elementor-column-gap-default\">\n\t\t\t\t\t<div class=\"elementor-column elementor-col-100 elementor-top-column elementor-element elementor-element-fab8f58\" data-id=\"fab8f58\" data-element_type=\"column\" data-e-type=\"column\">\n\t\t\t<div class=\"elementor-widget-wrap elementor-element-populated\">\n\t\t\t\t\t\t<div class=\"elementor-element elementor-element-01527c5 elementor-widget elementor-widget-text-editor\" data-id=\"01527c5\" data-element_type=\"widget\" data-e-type=\"widget\" data-widget_type=\"text-editor.default\">\n\t\t\t\t<div class=\"elementor-widget-container\">\n\t\t\t\t\t\t\t\t\t<h4>Scoprire il Parco rurale di Anaga: Itinerario dal Teide a Santa Cruz<\/h4>\n<p>Questo itinerario in moto attraverso Tenerife \u00e8 uno dei pi\u00f9 mozzafiato che si possano sperimentare, combinando la maestosit\u00e0 del Monte Teide con la rigogliosa vegetazione del Parco Rurale di Anaga. L'avventura inizia al Parco Nazionale del Teide, da dove scenderete verso nord, percorrendo\n\t\t\t\t\t\t\t\t<\/div>\n\t\t\t\t<\/div>\n\t\t\t\t\t<\/div>\n\t\t<\/div>\n\t\t\t\t\t<\/div>\n\t\t<\/section>\n\t\t\t\t<section class=\"elementor-section elementor-top-section elementor-element elementor-element-5dbede5 elementor-section-boxed elementor-section-height-default elementor-section-height-default\" data-id=\"5dbede5\" data-element_type=\"section\" data-e-type=\"section\">\n\t\t\t\t\t\t<div class=\"elementor-container elementor-column-gap-default\">\n\t\t\t\t\t<div class=\"elementor-column elementor-col-100 elementor-top-column elementor-element elementor-element-4f259b3\" data-id=\"4f259b3\" data-element_type=\"column\" data-e-type=\"column\">\n\t\t\t<div class=\"elementor-widget-wrap elementor-element-populated\">\n\t\t\t\t\t\t<div class=\"elementor-element elementor-element-34b4c3d elementor-widget elementor-widget-image\" data-id=\"34b4c3d\" data-element_type=\"widget\" data-e-type=\"widget\" data-widget_type=\"image.default\">\n\t\t\t\t<div class=\"elementor-widget-container\">\n\t\t\t\t\t\t\t\t\t\t\t\t\t\t\t\t<a href=\"https:\/\/maps.app.goo.gl\/CDdS1ccvuoQa9Ue78\" target=\"_blank\" rel=\"noopener\">\n\t\t\t\t\t\t\t<img fetchpriority=\"high\" decoding=\"async\" width=\"1024\" height=\"405\" src=\"https:\/\/www.cafemotorbike.com\/wp-content\/uploads\/banner-rutas-1024x405.jpg\" class=\"attachment-large size-large wp-image-10700\" alt=\"\" srcset=\"https:\/\/www.cafemotorbike.com\/wp-content\/uploads\/banner-rutas-1024x405.jpg 1024w, https:\/\/www.cafemotorbike.com\/wp-content\/uploads\/banner-rutas-500x198.jpg 500w, https:\/\/www.cafemotorbike.com\/wp-content\/uploads\/banner-rutas-768x304.jpg 768w, https:\/\/www.cafemotorbike.com\/wp-content\/uploads\/banner-rutas-18x7.jpg 18w, https:\/\/www.cafemotorbike.com\/wp-content\/uploads\/banner-rutas-150x59.jpg 150w, https:\/\/www.cafemotorbike.com\/wp-content\/uploads\/banner-rutas-300x119.jpg 300w, https:\/\/www.cafemotorbike.com\/wp-content\/uploads\/banner-rutas.jpg 1536w\" sizes=\"(max-width: 1024px) 100vw, 1024px\" \/>\t\t\t\t\t\t\t\t<\/a>\n\t\t\t\t\t\t\t\t\t\t\t\t\t\t\t<\/div>\n\t\t\t\t<\/div>\n\t\t\t\t<div class=\"elementor-element elementor-element-da85dee detalles elementor-widget elementor-widget-text-editor\" data-id=\"da85dee\" data-element_type=\"widget\" data-e-type=\"widget\" data-widget_type=\"text-editor.default\">\n\t\t\t\t<div class=\"elementor-widget-container\">\n\t\t\t\t\t\t\t\t\t<ul>\n  <li><strong>Tempo di viaggio:<\/strong> Tutto il giorno (circa 8 ore, comprese le soste).<\/li>\n  <li><strong>Tempo di guida:<\/strong> 5 ore e 16 minuti.<\/li>\n  <li><strong>Distanza totale:<\/strong> 191 km.<\/li>\n  <li><strong>Tempo:<\/strong> Nel Teide il clima pu\u00f2 essere freddo, soprattutto in inverno (5-10 \u00b0C), mentre ad Anaga \u00e8 pi\u00f9 mite (15-25 \u00b0C).<\/li>\n  <li><strong>Rifornimento:<\/strong> Stazioni di servizio disponibili a La Orotava e Santa Cruz de Tenerife.<\/li>\n  <li><strong>Internet:<\/strong> Buona copertura lungo la maggior parte del percorso, anche se potrebbe essere limitata in alcuni tratti montuosi ad Anaga.<\/li>\n<\/ul>\n\t\t\t\t\t\t\t\t<\/div>\n\t\t\t\t<\/div>\n\t\t\t\t<div class=\"elementor-element elementor-element-92a7e37 elementor-button-info elementor-align-justify elementor-widget__width-inherit elementor-widget elementor-widget-button\" data-id=\"92a7e37\" data-element_type=\"widget\" data-e-type=\"widget\" data-widget_type=\"button.default\">\n\t\t\t\t<div class=\"elementor-widget-container\">\n\t\t\t\t\t\t\t\t\t<div class=\"elementor-button-wrapper\">\n\t\t\t\t\t<a class=\"elementor-button elementor-button-link elementor-size-sm\" href=\"https:\/\/maps.app.goo.gl\/CDdS1ccvuoQa9Ue78\" target=\"_blank\" rel=\"noopener\">\n\t\t\t\t\t\t<span class=\"elementor-button-content-wrapper\">\n\t\t\t\t\t\t<span class=\"elementor-button-icon\">\n\t\t\t\t<i aria-hidden=\"true\" class=\"fas fa-map-signs\"><\/i>\t\t\t<\/span>\n\t\t\t\t\t\t\t\t\t<span class=\"elementor-button-text\">Visualizza percorso<\/span>\n\t\t\t\t\t<\/span>\n\t\t\t\t\t<\/a>\n\t\t\t\t<\/div>\n\t\t\t\t\t\t\t\t<\/div>\n\t\t\t\t<\/div>\n\t\t\t\t\t<\/div>\n\t\t<\/div>\n\t\t\t\t\t<\/div>\n\t\t<\/section>\n\t\t\t\t<section class=\"elementor-section elementor-top-section elementor-element elementor-element-ea69a12 elementor-section-boxed elementor-section-height-default elementor-section-height-default\" data-id=\"ea69a12\" data-element_type=\"section\" data-e-type=\"section\">\n\t\t\t\t\t\t<div class=\"elementor-container elementor-column-gap-default\">\n\t\t\t\t\t<div class=\"elementor-column elementor-col-100 elementor-top-column elementor-element elementor-element-f76f2ae\" data-id=\"f76f2ae\" data-element_type=\"column\" data-e-type=\"column\">\n\t\t\t<div class=\"elementor-widget-wrap elementor-element-populated\">\n\t\t\t\t\t\t<div class=\"elementor-element elementor-element-4ca00d7 elementor-widget elementor-widget-text-editor\" data-id=\"4ca00d7\" data-element_type=\"widget\" data-e-type=\"widget\" data-widget_type=\"text-editor.default\">\n\t\t\t\t<div class=\"elementor-widget-container\">\n\t\t\t\t\t\t\t\t\t<h3>Inizio percorso<\/h3><p>Il viaggio inizia al <strong>Parco Nazionale del Teide<\/strong>dove avrete la possibilit\u00e0 di esplorare paesaggi vulcanici unici prima di intraprendere il percorso in moto. Da <strong>Moto da caff\u00e8<\/strong>, make sure to rent a motorbike, as the first section of the road, the <strong>TF-38<\/strong>vi porter\u00e0 attraverso strade tortuose con viste mozzafiato sulla Valle dell'Ucanca.<\/p>\t\t\t\t\t\t\t\t<\/div>\n\t\t\t\t<\/div>\n\t\t\t\t<div class=\"elementor-element elementor-element-e66d401 elementor-widget elementor-widget-video\" data-id=\"e66d401\" data-element_type=\"widget\" data-e-type=\"widget\" data-settings=\"{&quot;youtube_url&quot;:&quot;https:\\\/\\\/youtu.be\\\/6oXnAwbIQFI&quot;,&quot;video_type&quot;:&quot;youtube&quot;,&quot;controls&quot;:&quot;yes&quot;}\" data-widget_type=\"video.default\">\n\t\t\t\t<div class=\"elementor-widget-container\">\n\t\t\t\t\t\t\t<div class=\"elementor-wrapper elementor-open-inline\">\n\t\t\t<div class=\"elementor-video\"><\/div>\t\t<\/div>\n\t\t\t\t\t\t<\/div>\n\t\t\t\t<\/div>\n\t\t\t\t<div class=\"elementor-element elementor-element-e578b5a elementor-widget elementor-widget-text-editor\" data-id=\"e578b5a\" data-element_type=\"widget\" data-e-type=\"widget\" data-widget_type=\"text-editor.default\">\n\t\t\t\t<div class=\"elementor-widget-container\">\n\t\t\t\t\t\t\t\t\t<h3>Tappa 1: Punto panoramico La Ruleta e Parco Nazionale del Teide<\/h3>\n<p>Scendendo lungo la TF-38, non dimenticate di fare una sosta alla <strong>Punto di vista La Ruleta<\/strong>. La vista delle formazioni rocciose e dei mari di nuvole \u00e8 spettacolare, soprattutto al tramonto. Cogliete l'occasione per scattare qualche foto e riposare per qualche minuto mentre ammirate la grandezza del Teide e dei suoi dintorni.<\/p>\n\t\t\t\t\t\t\t\t<\/div>\n\t\t\t\t<\/div>\n\t\t\t\t<div class=\"elementor-element elementor-element-2173830 elementor-widget elementor-widget-image\" data-id=\"2173830\" data-element_type=\"widget\" data-e-type=\"widget\" data-widget_type=\"image.default\">\n\t\t\t\t<div class=\"elementor-widget-container\">\n\t\t\t\t\t\t\t\t\t\t\t\t\t\t\t<img decoding=\"async\" width=\"1024\" height=\"538\" src=\"https:\/\/www.cafemotorbike.com\/wp-content\/uploads\/post-moto-10256-01.jpg\" class=\"attachment-large size-large wp-image-10450\" alt=\"\" srcset=\"https:\/\/www.cafemotorbike.com\/wp-content\/uploads\/post-moto-10256-01.jpg 1024w, https:\/\/www.cafemotorbike.com\/wp-content\/uploads\/post-moto-10256-01-500x263.jpg 500w, https:\/\/www.cafemotorbike.com\/wp-content\/uploads\/post-moto-10256-01-768x404.jpg 768w, https:\/\/www.cafemotorbike.com\/wp-content\/uploads\/post-moto-10256-01-18x9.jpg 18w, https:\/\/www.cafemotorbike.com\/wp-content\/uploads\/post-moto-10256-01-150x79.jpg 150w, https:\/\/www.cafemotorbike.com\/wp-content\/uploads\/post-moto-10256-01-300x158.jpg 300w\" sizes=\"(max-width: 1024px) 100vw, 1024px\" \/>\t\t\t\t\t\t\t\t\t\t\t\t\t\t\t<\/div>\n\t\t\t\t<\/div>\n\t\t\t\t<div class=\"elementor-element elementor-element-ec97fe1 elementor-widget elementor-widget-text-editor\" data-id=\"ec97fe1\" data-element_type=\"widget\" data-e-type=\"widget\" data-widget_type=\"text-editor.default\">\n\t\t\t\t<div class=\"elementor-widget-container\">\n\t\t\t\t\t\t\t\t\t<h3>Fermata 2: La Laguna e il quartiere storico<\/h3>\n<p>Continuate la vostra discesa verso nord, passando per La Laguna, citt\u00e0 patrimonio dell'UNESCO. Questo affascinante centro storico \u00e8 ricco di strade acciottolate, edifici coloniali colorati e una vivace vita locale. Prendetevi un po' di tempo per passeggiare tra le sue strade e visitare uno dei caff\u00e8 locali. Se avete fame, provate un po' di <em>almogrote<\/em> con pane locale a <strong>Bar Tasca el Toscal<\/strong>.<\/p>\n\t\t\t\t\t\t\t\t<\/div>\n\t\t\t\t<\/div>\n\t\t\t\t<div class=\"elementor-element elementor-element-0b85d0c elementor-widget elementor-widget-image\" data-id=\"0b85d0c\" data-element_type=\"widget\" data-e-type=\"widget\" data-widget_type=\"image.default\">\n\t\t\t\t<div class=\"elementor-widget-container\">\n\t\t\t\t\t\t\t\t\t\t\t\t\t\t\t<img decoding=\"async\" width=\"1024\" height=\"538\" src=\"https:\/\/www.cafemotorbike.com\/wp-content\/uploads\/post-moto-10256-02.jpg\" class=\"attachment-large size-large wp-image-10451\" alt=\"\" srcset=\"https:\/\/www.cafemotorbike.com\/wp-content\/uploads\/post-moto-10256-02.jpg 1024w, https:\/\/www.cafemotorbike.com\/wp-content\/uploads\/post-moto-10256-02-500x263.jpg 500w, https:\/\/www.cafemotorbike.com\/wp-content\/uploads\/post-moto-10256-02-768x404.jpg 768w, https:\/\/www.cafemotorbike.com\/wp-content\/uploads\/post-moto-10256-02-18x9.jpg 18w, https:\/\/www.cafemotorbike.com\/wp-content\/uploads\/post-moto-10256-02-150x79.jpg 150w, https:\/\/www.cafemotorbike.com\/wp-content\/uploads\/post-moto-10256-02-300x158.jpg 300w\" sizes=\"(max-width: 1024px) 100vw, 1024px\" \/>\t\t\t\t\t\t\t\t\t\t\t\t\t\t\t<\/div>\n\t\t\t\t<\/div>\n\t\t\t\t<div class=\"elementor-element elementor-element-b3305e8 elementor-widget elementor-widget-text-editor\" data-id=\"b3305e8\" data-element_type=\"widget\" data-e-type=\"widget\" data-widget_type=\"text-editor.default\">\n\t\t\t\t<div class=\"elementor-widget-container\">\n\t\t\t\t\t\t\t\t\t<h3>Fermata 3: Parco rurale di Anaga e spiaggia di Benijo<\/h3> <p>La prossima tappa \u00e8 <strong>Parco rurale di Anaga<\/strong>dove si percorre un tratto di strada <strong>TF-12<\/strong> e <strong>TF-123<\/strong>passando attraverso fitte foreste di alloro e punti panoramici naturali. Non mancate di visitare <strong>Spiaggia di Benijo<\/strong>, una spiaggia isolata di sabbia nera con onde selvagge, perfetta per rilassarsi e godersi la natura selvaggia di Tenerife. Qui \u00e8 possibile fare una sosta <strong>Ristorante El Mirador<\/strong> per gustare le patelle alla griglia e la splendida vista sul mare.<\/p>\t\t\t\t\t\t\t\t<\/div>\n\t\t\t\t<\/div>\n\t\t\t\t<div class=\"elementor-element elementor-element-8d8c1a8 elementor-widget elementor-widget-image\" data-id=\"8d8c1a8\" data-element_type=\"widget\" data-e-type=\"widget\" data-widget_type=\"image.default\">\n\t\t\t\t<div class=\"elementor-widget-container\">\n\t\t\t\t\t\t\t\t\t\t\t\t\t\t\t<img loading=\"lazy\" decoding=\"async\" width=\"1024\" height=\"538\" src=\"https:\/\/www.cafemotorbike.com\/wp-content\/uploads\/post-moto-10256-03.jpg\" class=\"attachment-large size-large wp-image-10452\" alt=\"\" srcset=\"https:\/\/www.cafemotorbike.com\/wp-content\/uploads\/post-moto-10256-03.jpg 1024w, https:\/\/www.cafemotorbike.com\/wp-content\/uploads\/post-moto-10256-03-500x263.jpg 500w, https:\/\/www.cafemotorbike.com\/wp-content\/uploads\/post-moto-10256-03-768x404.jpg 768w, https:\/\/www.cafemotorbike.com\/wp-content\/uploads\/post-moto-10256-03-18x9.jpg 18w, https:\/\/www.cafemotorbike.com\/wp-content\/uploads\/post-moto-10256-03-150x79.jpg 150w, https:\/\/www.cafemotorbike.com\/wp-content\/uploads\/post-moto-10256-03-300x158.jpg 300w\" sizes=\"(max-width: 1024px) 100vw, 1024px\" \/>\t\t\t\t\t\t\t\t\t\t\t\t\t\t\t<\/div>\n\t\t\t\t<\/div>\n\t\t\t\t<div class=\"elementor-element elementor-element-ddf28d4 elementor-widget elementor-widget-text-editor\" data-id=\"ddf28d4\" data-element_type=\"widget\" data-e-type=\"widget\" data-widget_type=\"text-editor.default\">\n\t\t\t\t<div class=\"elementor-widget-container\">\n\t\t\t\t\t\t\t\t\t<h3>Dettagli sull'arrivo a Santa Cruz de Tenerife<\/h3>\n<p>Infine, vi dirigerete verso <strong>Santa Cruz de Tenerife<\/strong> attraverso la TF-12, completando il viaggio in questa vibrante capitale. All'arrivo, troverete numerosi ristoranti e bar dove potrete concludere il vostro viaggio con una deliziosa cena. <strong>Plaza de Espa\u00f1a<\/strong> \u00e8 un luogo ideale per rilassarsi e godersi l'atmosfera urbana.<\/p>\t\t\t\t\t\t\t\t<\/div>\n\t\t\t\t<\/div>\n\t\t\t\t<div class=\"elementor-element elementor-element-75783e5 elementor-widget elementor-widget-text-editor\" data-id=\"75783e5\" data-element_type=\"widget\" data-e-type=\"widget\" data-widget_type=\"text-editor.default\">\n\t\t\t\t<div class=\"elementor-widget-container\">\n\t\t\t\t\t\t\t\t\t<h3>Punto di interesse in evidenza: Auditorio de Tenerife<\/h3>\n<p>Prima di concludere la giornata, vi consiglio di fare una sosta alla <strong>Auditorio di Tenerife<\/strong>, un'opera architettonica moderna di Santiago Calatrava. La sua forma e il suo design unici offrono un interessante contrasto con i paesaggi naturali che avete esplorato durante la giornata, fungendo da simbolo della modernit\u00e0 e dell'arte di Tenerife.<\/p>\t\t\t\t\t\t\t\t<\/div>\n\t\t\t\t<\/div>\n\t\t\t\t<div class=\"elementor-element elementor-element-e9d62e2 elementor-widget elementor-widget-text-editor\" data-id=\"e9d62e2\" data-element_type=\"widget\" data-e-type=\"widget\" data-widget_type=\"text-editor.default\">\n\t\t\t\t<div class=\"elementor-widget-container\">\n\t\t\t\t\t\t\t\t\t<h3>Sintesi finale<\/h3>\n<p>Questo itinerario in moto da Teide a Santa Cruz de Tenerife vi permette di scoprire alcuni dei paesaggi pi\u00f9 belli e diversi dell'isola. Dalle alture del Teide alle spiagge vulcaniche di Anaga, ogni tappa rivela un lato diverso di Tenerife. <strong>Moto da caff\u00e8<\/strong> ha la moto perfetta per aiutarvi a vivere al meglio questa esperienza. Non perdetevi questa avventura: prenotate la vostra moto oggi stesso!<\/p>\t\t\t\t\t\t\t\t<\/div>\n\t\t\t\t<\/div>\n\t\t\t\t\t<\/div>\n\t\t<\/div>\n\t\t\t\t\t<\/div>\n\t\t<\/section>\n\t\t\t\t<section class=\"elementor-section elementor-top-section elementor-element elementor-element-351d5a8 elementor-section-boxed elementor-section-height-default elementor-section-height-default\" data-id=\"351d5a8\" data-element_type=\"section\" data-e-type=\"section\">\n\t\t\t\t\t\t<div class=\"elementor-container elementor-column-gap-default\">\n\t\t\t\t\t<div class=\"elementor-column elementor-col-100 elementor-top-column elementor-element elementor-element-4e3c3e9\" data-id=\"4e3c3e9\" data-element_type=\"column\" data-e-type=\"column\">\n\t\t\t<div class=\"elementor-widget-wrap elementor-element-populated\">\n\t\t\t\t\t\t<div class=\"elementor-element elementor-element-d3d0f03 elementor-widget elementor-widget-image\" data-id=\"d3d0f03\" data-element_type=\"widget\" data-e-type=\"widget\" data-widget_type=\"image.default\">\n\t\t\t\t<div class=\"elementor-widget-container\">\n\t\t\t\t\t\t\t\t\t\t\t\t\t\t\t\t<a href=\"https:\/\/maps.app.goo.gl\/CDdS1ccvuoQa9Ue78\" target=\"_blank\" rel=\"noopener\">\n\t\t\t\t\t\t\t<img fetchpriority=\"high\" decoding=\"async\" width=\"1024\" height=\"405\" src=\"https:\/\/www.cafemotorbike.com\/wp-content\/uploads\/banner-rutas-1024x405.jpg\" class=\"attachment-large size-large wp-image-10700\" alt=\"\" srcset=\"https:\/\/www.cafemotorbike.com\/wp-content\/uploads\/banner-rutas-1024x405.jpg 1024w, https:\/\/www.cafemotorbike.com\/wp-content\/uploads\/banner-rutas-500x198.jpg 500w, https:\/\/www.cafemotorbike.com\/wp-content\/uploads\/banner-rutas-768x304.jpg 768w, https:\/\/www.cafemotorbike.com\/wp-content\/uploads\/banner-rutas-18x7.jpg 18w, https:\/\/www.cafemotorbike.com\/wp-content\/uploads\/banner-rutas-150x59.jpg 150w, https:\/\/www.cafemotorbike.com\/wp-content\/uploads\/banner-rutas-300x119.jpg 300w, https:\/\/www.cafemotorbike.com\/wp-content\/uploads\/banner-rutas.jpg 1536w\" sizes=\"(max-width: 1024px) 100vw, 1024px\" \/>\t\t\t\t\t\t\t\t<\/a>\n\t\t\t\t\t\t\t\t\t\t\t\t\t\t\t<\/div>\n\t\t\t\t<\/div>\n\t\t\t\t\t<\/div>\n\t\t<\/div>\n\t\t\t\t\t<\/div>\n\t\t<\/section>\n\t\t\t\t<\/div>","protected":false},"excerpt":{"rendered":"<p>Discover Anaga Rural Park: Route from Teide to Santa Cruz This motorbike route through Tenerife is one of the most breathtaking you can experience, combining the majesty of Mount Teide with the lush vegetation of Anaga Rural Park. The adventure begins at Teide National Park, from where you\u2019ll descend northward, traveling Travel Time: All day [&hellip;]<\/p>\n","protected":false},"author":3,"featured_media":10913,"comment_status":"closed","ping_status":"open","sticky":false,"template":"","format":"standard","meta":{"footnotes":""},"categories":[92],"tags":[96,97],"class_list":["post-10701","post","type-post","status-publish","format-standard","has-post-thumbnail","hentry","category-routes","tag-anaga","tag-teide"],"_links":{"self":[{"href":"https:\/\/www.cafemotorbike.com\/it\/wp-json\/wp\/v2\/posts\/10701","targetHints":{"allow":["GET"]}}],"collection":[{"href":"https:\/\/www.cafemotorbike.com\/it\/wp-json\/wp\/v2\/posts"}],"about":[{"href":"https:\/\/www.cafemotorbike.com\/it\/wp-json\/wp\/v2\/types\/post"}],"author":[{"embeddable":true,"href":"https:\/\/www.cafemotorbike.com\/it\/wp-json\/wp\/v2\/users\/3"}],"replies":[{"embeddable":true,"href":"https:\/\/www.cafemotorbike.com\/it\/wp-json\/wp\/v2\/comments?post=10701"}],"version-history":[{"count":13,"href":"https:\/\/www.cafemotorbike.com\/it\/wp-json\/wp\/v2\/posts\/10701\/revisions"}],"predecessor-version":[{"id":12156,"href":"https:\/\/www.cafemotorbike.com\/it\/wp-json\/wp\/v2\/posts\/10701\/revisions\/12156"}],"wp:featuredmedia":[{"embeddable":true,"href":"https:\/\/www.cafemotorbike.com\/it\/wp-json\/wp\/v2\/media\/10913"}],"wp:attachment":[{"href":"https:\/\/www.cafemotorbike.com\/it\/wp-json\/wp\/v2\/media?parent=10701"}],"wp:term":[{"taxonomy":"category","embeddable":true,"href":"https:\/\/www.cafemotorbike.com\/it\/wp-json\/wp\/v2\/categories?post=10701"},{"taxonomy":"post_tag","embeddable":true,"href":"https:\/\/www.cafemotorbike.com\/it\/wp-json\/wp\/v2\/tags?post=10701"}],"curies":[{"name":"wp","href":"https:\/\/api.w.org\/{rel}","templated":true}]}}