{"id":10558,"date":"2024-10-15T14:23:06","date_gmt":"2024-10-15T14:23:06","guid":{"rendered":"https:\/\/staging.cafemotorbike.com\/?p=10558"},"modified":"2025-06-29T15:56:01","modified_gmt":"2025-06-29T15:56:01","slug":"avventure-in-moto-a-tenerife-da-santa-cruz-a-valle-guerra","status":"publish","type":"post","link":"https:\/\/www.cafemotorbike.com\/it\/scenic-motorbike-escape-from-teide-to-santa-cruz\/","title":{"rendered":"1) Fuga panoramica in moto: Dal Teide a Santa Cruz"},"content":{"rendered":"<div data-elementor-type=\"wp-post\" data-elementor-id=\"10558\" class=\"elementor elementor-10558\" data-elementor-post-type=\"post\">\n\t\t\t\t\t\t<section class=\"elementor-section elementor-top-section elementor-element elementor-element-fd41f16 elementor-section-boxed elementor-section-height-default elementor-section-height-default\" data-id=\"fd41f16\" data-element_type=\"section\" data-e-type=\"section\">\n\t\t\t\t\t\t<div class=\"elementor-container elementor-column-gap-default\">\n\t\t\t\t\t<div class=\"elementor-column elementor-col-100 elementor-top-column elementor-element elementor-element-fab8f58\" data-id=\"fab8f58\" data-element_type=\"column\" data-e-type=\"column\">\n\t\t\t<div class=\"elementor-widget-wrap elementor-element-populated\">\n\t\t\t\t\t\t<div class=\"elementor-element elementor-element-01527c5 elementor-widget elementor-widget-text-editor\" data-id=\"01527c5\" data-element_type=\"widget\" data-e-type=\"widget\" data-widget_type=\"text-editor.default\">\n\t\t\t\t<div class=\"elementor-widget-container\">\n\t\t\t\t\t\t\t\t\t<h4>Esplorare Tenerife in moto: Dal Teide a Santa Cruz con una sosta a Puerto de la Cruz<\/h4>\n<p>Scoprite la straordinaria diversit\u00e0 di Tenerife con un viaggio in moto che parte dal maestoso Monte Teide, si snoda attraverso la storica citt\u00e0 di Puerto de la Cruz e termina nella vivace capitale, Santa Cruz. Con <strong>Moto da caff\u00e8<\/strong>, potrete trovare la moto perfetta per godervi questo viaggio ricco di paesaggi contrastanti, dalle alture del Teide alla costa settentrionale e alla citt\u00e0 pi\u00f9 grande dell'isola.<\/p>\t\t\t\t\t\t\t\t<\/div>\n\t\t\t\t<\/div>\n\t\t\t\t\t<\/div>\n\t\t<\/div>\n\t\t\t\t\t<\/div>\n\t\t<\/section>\n\t\t\t\t<section class=\"elementor-section elementor-top-section elementor-element elementor-element-5dbede5 elementor-section-boxed elementor-section-height-default elementor-section-height-default\" data-id=\"5dbede5\" data-element_type=\"section\" data-e-type=\"section\">\n\t\t\t\t\t\t<div class=\"elementor-container elementor-column-gap-default\">\n\t\t\t\t\t<div class=\"elementor-column elementor-col-100 elementor-top-column elementor-element elementor-element-4f259b3\" data-id=\"4f259b3\" data-element_type=\"column\" data-e-type=\"column\">\n\t\t\t<div class=\"elementor-widget-wrap elementor-element-populated\">\n\t\t\t\t\t\t<div class=\"elementor-element elementor-element-34b4c3d elementor-widget elementor-widget-image\" data-id=\"34b4c3d\" data-element_type=\"widget\" data-e-type=\"widget\" data-widget_type=\"image.default\">\n\t\t\t\t<div class=\"elementor-widget-container\">\n\t\t\t\t\t\t\t\t\t\t\t\t\t\t\t\t<a href=\"https:\/\/maps.app.goo.gl\/LyzpN7p6oqiHucsY8\" target=\"_blank\" rel=\"noopener\">\n\t\t\t\t\t\t\t<img fetchpriority=\"high\" decoding=\"async\" width=\"1024\" height=\"405\" src=\"https:\/\/www.cafemotorbike.com\/wp-content\/uploads\/banner-rutas-1024x405.jpg\" class=\"attachment-large size-large wp-image-10700\" alt=\"\" srcset=\"https:\/\/www.cafemotorbike.com\/wp-content\/uploads\/banner-rutas-1024x405.jpg 1024w, https:\/\/www.cafemotorbike.com\/wp-content\/uploads\/banner-rutas-500x198.jpg 500w, https:\/\/www.cafemotorbike.com\/wp-content\/uploads\/banner-rutas-768x304.jpg 768w, https:\/\/www.cafemotorbike.com\/wp-content\/uploads\/banner-rutas-18x7.jpg 18w, https:\/\/www.cafemotorbike.com\/wp-content\/uploads\/banner-rutas-150x59.jpg 150w, https:\/\/www.cafemotorbike.com\/wp-content\/uploads\/banner-rutas-300x119.jpg 300w, https:\/\/www.cafemotorbike.com\/wp-content\/uploads\/banner-rutas.jpg 1536w\" sizes=\"(max-width: 1024px) 100vw, 1024px\" \/>\t\t\t\t\t\t\t\t<\/a>\n\t\t\t\t\t\t\t\t\t\t\t\t\t\t\t<\/div>\n\t\t\t\t<\/div>\n\t\t\t\t<div class=\"elementor-element elementor-element-da85dee detalles elementor-widget elementor-widget-text-editor\" data-id=\"da85dee\" data-element_type=\"widget\" data-e-type=\"widget\" data-widget_type=\"text-editor.default\">\n\t\t\t\t<div class=\"elementor-widget-container\">\n\t\t\t\t\t\t\t\t\t<ul><li><strong>Tempo di viaggio:<\/strong> Tutto il giorno (circa 6 ore, comprese le soste).<\/li><li><strong>Tempo di guida:<\/strong> 3 ore e 54 minuti.<\/li><li><strong>Distanza totale:<\/strong> 234 km.<\/li><li><strong>Clima:<\/strong> Temperature fresche sul Teide (5-15 \u00b0C) in dicembre-febbraio, miti a Puerto de la Cruz e calde a Santa Cruz (20-26 \u00b0C).<\/li><li><strong>Fermate per il carburante:<\/strong> Non ci sono stazioni di servizio sulla strada che sale e scende dal Teide.<\/li><li><strong>Internet:<\/strong> Buona copertura lungo la maggior parte del percorso, anche se in alcune zone del Teide il segnale potrebbe essere limitato.<\/li><\/ul>\t\t\t\t\t\t\t\t<\/div>\n\t\t\t\t<\/div>\n\t\t\t\t<div class=\"elementor-element elementor-element-92a7e37 elementor-button-info elementor-align-justify elementor-widget__width-inherit elementor-widget elementor-widget-button\" data-id=\"92a7e37\" data-element_type=\"widget\" data-e-type=\"widget\" data-widget_type=\"button.default\">\n\t\t\t\t<div class=\"elementor-widget-container\">\n\t\t\t\t\t\t\t\t\t<div class=\"elementor-button-wrapper\">\n\t\t\t\t\t<a class=\"elementor-button elementor-button-link elementor-size-sm\" href=\"https:\/\/maps.app.goo.gl\/LyzpN7p6oqiHucsY8\" target=\"_blank\" rel=\"noopener\">\n\t\t\t\t\t\t<span class=\"elementor-button-content-wrapper\">\n\t\t\t\t\t\t<span class=\"elementor-button-icon\">\n\t\t\t\t<i aria-hidden=\"true\" class=\"fas fa-map-signs\"><\/i>\t\t\t<\/span>\n\t\t\t\t\t\t\t\t\t<span class=\"elementor-button-text\">Visualizza percorso<\/span>\n\t\t\t\t\t<\/span>\n\t\t\t\t\t<\/a>\n\t\t\t\t<\/div>\n\t\t\t\t\t\t\t\t<\/div>\n\t\t\t\t<\/div>\n\t\t\t\t\t<\/div>\n\t\t<\/div>\n\t\t\t\t\t<\/div>\n\t\t<\/section>\n\t\t\t\t<section class=\"elementor-section elementor-top-section elementor-element elementor-element-ea69a12 elementor-section-boxed elementor-section-height-default elementor-section-height-default\" data-id=\"ea69a12\" data-element_type=\"section\" data-e-type=\"section\">\n\t\t\t\t\t\t<div class=\"elementor-container elementor-column-gap-default\">\n\t\t\t\t\t<div class=\"elementor-column elementor-col-100 elementor-top-column elementor-element elementor-element-f76f2ae\" data-id=\"f76f2ae\" data-element_type=\"column\" data-e-type=\"column\">\n\t\t\t<div class=\"elementor-widget-wrap elementor-element-populated\">\n\t\t\t\t\t\t<div class=\"elementor-element elementor-element-4ca00d7 elementor-widget elementor-widget-text-editor\" data-id=\"4ca00d7\" data-element_type=\"widget\" data-e-type=\"widget\" data-widget_type=\"text-editor.default\">\n\t\t\t\t<div class=\"elementor-widget-container\">\n\t\t\t\t\t\t\t\t\t<h3>Avvio del percorso<\/h3><p>Il vostro viaggio inizia a <strong>Parco Nazionale del Teide<\/strong>, un paesaggio vulcanico impressionante, diverso da qualsiasi altro luogo della Spagna. Prendete il <strong>TF-21<\/strong> e poi il <strong>TF-38<\/strong> che si snodano tra le montagne e offrono viste spettacolari sulla Valle di Ucanca e sui dintorni vulcanici. Questo primo tratto vi immerger\u00e0 nel maestoso scenario del Teide, con il suo paesaggio roccioso e le vaste distese di lava pietrificata.<\/p>\t\t\t\t\t\t\t\t<\/div>\n\t\t\t\t<\/div>\n\t\t\t\t<div class=\"elementor-element elementor-element-e66d401 elementor-widget elementor-widget-video\" data-id=\"e66d401\" data-element_type=\"widget\" data-e-type=\"widget\" data-settings=\"{&quot;youtube_url&quot;:&quot;https:\\\/\\\/www.youtube.com\\\/watch?v=cXmdfWikTuA&quot;,&quot;start&quot;:1,&quot;video_type&quot;:&quot;youtube&quot;,&quot;controls&quot;:&quot;yes&quot;}\" data-widget_type=\"video.default\">\n\t\t\t\t<div class=\"elementor-widget-container\">\n\t\t\t\t\t\t\t<div class=\"elementor-wrapper elementor-open-inline\">\n\t\t\t<div class=\"elementor-video\"><\/div>\t\t<\/div>\n\t\t\t\t\t\t<\/div>\n\t\t\t\t<\/div>\n\t\t\t\t<div class=\"elementor-element elementor-element-e578b5a elementor-widget elementor-widget-text-editor\" data-id=\"e578b5a\" data-element_type=\"widget\" data-e-type=\"widget\" data-widget_type=\"text-editor.default\">\n\t\t\t\t<div class=\"elementor-widget-container\">\n\t\t\t\t\t\t\t\t\t<h3>Tappa 2: Puerto de la Cruz e Lago Marti\u00e1nez<\/h3><p>Scendere verso nord per raggiungere <strong>Puerto de la Cruz<\/strong>, una citt\u00e0 affascinante dal ritmo rilassato. Da non perdere <strong>Lago Marti\u00e1nez<\/strong>, un complesso di piscine di acqua salata progettate dal famoso artista canario C\u00e9sar Manrique, che fonde arte e natura in un ambiente unico. \u00c8 il luogo perfetto per rilassarsi e godersi una pausa in riva al mare. Se vi viene un certo languorino, fermatevi da <strong>El Lim\u00f3n<\/strong>, un luogo popolare tra i locali, noto per le tapas e i panini freschi.<\/p>\t\t\t\t\t\t\t\t<\/div>\n\t\t\t\t<\/div>\n\t\t\t\t<div class=\"elementor-element elementor-element-2173830 elementor-widget elementor-widget-image\" data-id=\"2173830\" data-element_type=\"widget\" data-e-type=\"widget\" data-widget_type=\"image.default\">\n\t\t\t\t<div class=\"elementor-widget-container\">\n\t\t\t\t\t\t\t\t\t\t\t\t\t\t\t<img decoding=\"async\" width=\"1024\" height=\"447\" src=\"https:\/\/www.cafemotorbike.com\/wp-content\/uploads\/puerto-de-la-cruz-1024x447.jpg\" class=\"attachment-large size-large wp-image-10766\" alt=\"\" srcset=\"https:\/\/www.cafemotorbike.com\/wp-content\/uploads\/puerto-de-la-cruz-1024x447.jpg 1024w, https:\/\/www.cafemotorbike.com\/wp-content\/uploads\/puerto-de-la-cruz-500x218.jpg 500w, https:\/\/www.cafemotorbike.com\/wp-content\/uploads\/puerto-de-la-cruz-768x335.jpg 768w, https:\/\/www.cafemotorbike.com\/wp-content\/uploads\/puerto-de-la-cruz-18x8.jpg 18w, https:\/\/www.cafemotorbike.com\/wp-content\/uploads\/puerto-de-la-cruz-150x65.jpg 150w, https:\/\/www.cafemotorbike.com\/wp-content\/uploads\/puerto-de-la-cruz-300x131.jpg 300w, https:\/\/www.cafemotorbike.com\/wp-content\/uploads\/puerto-de-la-cruz.jpg 1376w\" sizes=\"(max-width: 1024px) 100vw, 1024px\" \/>\t\t\t\t\t\t\t\t\t\t\t\t\t\t\t<\/div>\n\t\t\t\t<\/div>\n\t\t\t\t<div class=\"elementor-element elementor-element-ec97fe1 elementor-widget elementor-widget-text-editor\" data-id=\"ec97fe1\" data-element_type=\"widget\" data-e-type=\"widget\" data-widget_type=\"text-editor.default\">\n\t\t\t\t<div class=\"elementor-widget-container\">\n\t\t\t\t\t\t\t\t\t<h3>Fermata 3: La Laguna e il suo centro storico<\/h3><p>Da Puerto de la Cruz, dirigetevi verso La Laguna, una citt\u00e0 ricca di storia e riconosciuta come Patrimonio dell'Umanit\u00e0 dall'UNESCO. Il suo centro storico \u00e8 un labirinto di strade acciottolate, chiese e case coloniali colorate. \u00c8 il luogo ideale per una sosta veloce, dove potrete girovagare per le strade e sorseggiare un caff\u00e8 in un bar. <strong>La Tasca El Gato Negro<\/strong>, un piccolo bar con un'atmosfera accogliente e un'eccellente cucina canaria.<\/p>\t\t\t\t\t\t\t\t<\/div>\n\t\t\t\t<\/div>\n\t\t\t\t<div class=\"elementor-element elementor-element-0b85d0c elementor-widget elementor-widget-image\" data-id=\"0b85d0c\" data-element_type=\"widget\" data-e-type=\"widget\" data-widget_type=\"image.default\">\n\t\t\t\t<div class=\"elementor-widget-container\">\n\t\t\t\t\t\t\t\t\t\t\t\t\t\t\t<img decoding=\"async\" width=\"1024\" height=\"683\" src=\"https:\/\/www.cafemotorbike.com\/wp-content\/uploads\/la-laguna-1-1024x683.jpg\" class=\"attachment-large size-large wp-image-10918\" alt=\"1) Fuga panoramica in moto: Dal Teide a Santa Cruz\" srcset=\"https:\/\/www.cafemotorbike.com\/wp-content\/uploads\/la-laguna-1-1024x683.jpg 1024w, https:\/\/www.cafemotorbike.com\/wp-content\/uploads\/la-laguna-1-500x333.jpg 500w, https:\/\/www.cafemotorbike.com\/wp-content\/uploads\/la-laguna-1-768x512.jpg 768w, https:\/\/www.cafemotorbike.com\/wp-content\/uploads\/la-laguna-1-18x12.jpg 18w, https:\/\/www.cafemotorbike.com\/wp-content\/uploads\/la-laguna-1-150x100.jpg 150w, https:\/\/www.cafemotorbike.com\/wp-content\/uploads\/la-laguna-1-300x200.jpg 300w, https:\/\/www.cafemotorbike.com\/wp-content\/uploads\/la-laguna-1.jpg 1200w\" sizes=\"(max-width: 1024px) 100vw, 1024px\" \/>\t\t\t\t\t\t\t\t\t\t\t\t\t\t\t<\/div>\n\t\t\t\t<\/div>\n\t\t\t\t<div class=\"elementor-element elementor-element-b3305e8 elementor-widget elementor-widget-text-editor\" data-id=\"b3305e8\" data-element_type=\"widget\" data-e-type=\"widget\" data-widget_type=\"text-editor.default\">\n\t\t\t\t<div class=\"elementor-widget-container\">\n\t\t\t\t\t\t\t\t\t<h3>Arrivo a Santa Cruz de Tenerife<\/h3>\n<p>Il viaggio si conclude a <strong>Santa Cruz de Tenerife<\/strong>, capitale e cuore urbano dell'isola. Passeggiate nel centro della citt\u00e0, visitate la moderna <strong>Auditorio di Tenerife<\/strong>e rilassarsi in <strong>Plaza de Espa\u00f1a<\/strong>. \u00c8 il luogo perfetto per concludere la giornata in un caff\u00e8 all'aperto, ammirando il contrasto tra l'architettura moderna e la vita tradizionale delle Canarie.<\/p>\t\t\t\t\t\t\t\t<\/div>\n\t\t\t\t<\/div>\n\t\t\t\t<div class=\"elementor-element elementor-element-7d8826d elementor-widget elementor-widget-image\" data-id=\"7d8826d\" data-element_type=\"widget\" data-e-type=\"widget\" data-widget_type=\"image.default\">\n\t\t\t\t<div class=\"elementor-widget-container\">\n\t\t\t\t\t\t\t\t\t\t\t\t\t\t\t<img loading=\"lazy\" decoding=\"async\" width=\"1200\" height=\"737\" src=\"https:\/\/www.cafemotorbike.com\/wp-content\/uploads\/Plaza_Espana-2.jpg\" class=\"attachment-full size-full wp-image-10923\" alt=\"1) Fuga panoramica in moto: Dal Teide a Santa Cruz\" srcset=\"https:\/\/www.cafemotorbike.com\/wp-content\/uploads\/Plaza_Espana-2.jpg 1200w, https:\/\/www.cafemotorbike.com\/wp-content\/uploads\/Plaza_Espana-2-500x307.jpg 500w, https:\/\/www.cafemotorbike.com\/wp-content\/uploads\/Plaza_Espana-2-1024x629.jpg 1024w, https:\/\/www.cafemotorbike.com\/wp-content\/uploads\/Plaza_Espana-2-768x472.jpg 768w, https:\/\/www.cafemotorbike.com\/wp-content\/uploads\/Plaza_Espana-2-18x12.jpg 18w, https:\/\/www.cafemotorbike.com\/wp-content\/uploads\/Plaza_Espana-2-150x92.jpg 150w, https:\/\/www.cafemotorbike.com\/wp-content\/uploads\/Plaza_Espana-2-300x184.jpg 300w\" sizes=\"(max-width: 1200px) 100vw, 1200px\" \/>\t\t\t\t\t\t\t\t\t\t\t\t\t\t\t<\/div>\n\t\t\t\t<\/div>\n\t\t\t\t<div class=\"elementor-element elementor-element-ddf28d4 elementor-widget elementor-widget-text-editor\" data-id=\"ddf28d4\" data-element_type=\"widget\" data-e-type=\"widget\" data-widget_type=\"text-editor.default\">\n\t\t\t\t<div class=\"elementor-widget-container\">\n\t\t\t\t\t\t\t\t\t<h3>In evidenza: Auditorio di Tenerife<\/h3>\n<p>A Santa Cruz, non potete perdervi la <strong>Auditorio di Tenerife<\/strong>, un edificio iconico progettato da Santiago Calatrava che \u00e8 diventato un simbolo della citt\u00e0. La sua architettura moderna \u00e8 sorprendente e offre un tocco culturale per completare il vostro viaggio in moto.<\/p>\t\t\t\t\t\t\t\t<\/div>\n\t\t\t\t<\/div>\n\t\t\t\t<div class=\"elementor-element elementor-element-75783e5 elementor-widget elementor-widget-text-editor\" data-id=\"75783e5\" data-element_type=\"widget\" data-e-type=\"widget\" data-widget_type=\"text-editor.default\">\n\t\t\t\t<div class=\"elementor-widget-container\">\n\t\t\t\t\t\t\t\t\t<h3>Pensieri finali<\/h3><p>Questo itinerario dal Teide a Santa Cruz, con una sosta a Puerto de la Cruz, offre un'eccellente combinazione di paesaggi naturali e urbani. <strong>Moto da caff\u00e8<\/strong> \u00e8 qui per fornirvi la moto perfetta per godervi ogni tratto di questa indimenticabile avventura a Tenerife. Prenotate ora e preparatevi a un viaggio in moto che vi far\u00e0 scoprire il meglio dell'isola!<\/p>\t\t\t\t\t\t\t\t<\/div>\n\t\t\t\t<\/div>\n\t\t\t\t\t<\/div>\n\t\t<\/div>\n\t\t\t\t\t<\/div>\n\t\t<\/section>\n\t\t\t\t<section class=\"elementor-section elementor-top-section elementor-element elementor-element-351d5a8 elementor-section-boxed elementor-section-height-default elementor-section-height-default\" data-id=\"351d5a8\" data-element_type=\"section\" data-e-type=\"section\">\n\t\t\t\t\t\t<div class=\"elementor-container elementor-column-gap-default\">\n\t\t\t\t\t<div class=\"elementor-column elementor-col-100 elementor-top-column elementor-element elementor-element-4e3c3e9\" data-id=\"4e3c3e9\" data-element_type=\"column\" data-e-type=\"column\">\n\t\t\t<div class=\"elementor-widget-wrap elementor-element-populated\">\n\t\t\t\t\t\t<div class=\"elementor-element elementor-element-d3d0f03 elementor-widget elementor-widget-image\" data-id=\"d3d0f03\" data-element_type=\"widget\" data-e-type=\"widget\" data-widget_type=\"image.default\">\n\t\t\t\t<div class=\"elementor-widget-container\">\n\t\t\t\t\t\t\t\t\t\t\t\t\t\t\t\t<a href=\"https:\/\/maps.app.goo.gl\/3A4QWm4MhSvRmCvx8\" target=\"_blank\" rel=\"noopener\">\n\t\t\t\t\t\t\t<img fetchpriority=\"high\" decoding=\"async\" width=\"1024\" height=\"405\" src=\"https:\/\/www.cafemotorbike.com\/wp-content\/uploads\/banner-rutas-1024x405.jpg\" class=\"attachment-large size-large wp-image-10700\" alt=\"\" srcset=\"https:\/\/www.cafemotorbike.com\/wp-content\/uploads\/banner-rutas-1024x405.jpg 1024w, https:\/\/www.cafemotorbike.com\/wp-content\/uploads\/banner-rutas-500x198.jpg 500w, https:\/\/www.cafemotorbike.com\/wp-content\/uploads\/banner-rutas-768x304.jpg 768w, https:\/\/www.cafemotorbike.com\/wp-content\/uploads\/banner-rutas-18x7.jpg 18w, https:\/\/www.cafemotorbike.com\/wp-content\/uploads\/banner-rutas-150x59.jpg 150w, https:\/\/www.cafemotorbike.com\/wp-content\/uploads\/banner-rutas-300x119.jpg 300w, https:\/\/www.cafemotorbike.com\/wp-content\/uploads\/banner-rutas.jpg 1536w\" sizes=\"(max-width: 1024px) 100vw, 1024px\" \/>\t\t\t\t\t\t\t\t<\/a>\n\t\t\t\t\t\t\t\t\t\t\t\t\t\t\t<\/div>\n\t\t\t\t<\/div>\n\t\t\t\t\t<\/div>\n\t\t<\/div>\n\t\t\t\t\t<\/div>\n\t\t<\/section>\n\t\t\t\t<\/div>","protected":false},"excerpt":{"rendered":"<p>Explore Tenerife by Motorbike: From Teide to Santa Cruz with a Stop in Puerto de la Cruz Experience Tenerife\u2019s stunning diversity on a motorbike escape that starts at the majestic Mount Teide, winds through the historic town of Puerto de la Cruz, and ends in the vibrant capital, Santa Cruz. With Cafemotorbike, you can find [&hellip;]<\/p>\n","protected":false},"author":3,"featured_media":10908,"comment_status":"closed","ping_status":"open","sticky":false,"template":"","format":"standard","meta":{"footnotes":""},"categories":[92],"tags":[94,97],"class_list":["post-10558","post","type-post","status-publish","format-standard","has-post-thumbnail","hentry","category-routes","tag-santa-cruz","tag-teide"],"_links":{"self":[{"href":"https:\/\/www.cafemotorbike.com\/it\/wp-json\/wp\/v2\/posts\/10558","targetHints":{"allow":["GET"]}}],"collection":[{"href":"https:\/\/www.cafemotorbike.com\/it\/wp-json\/wp\/v2\/posts"}],"about":[{"href":"https:\/\/www.cafemotorbike.com\/it\/wp-json\/wp\/v2\/types\/post"}],"author":[{"embeddable":true,"href":"https:\/\/www.cafemotorbike.com\/it\/wp-json\/wp\/v2\/users\/3"}],"replies":[{"embeddable":true,"href":"https:\/\/www.cafemotorbike.com\/it\/wp-json\/wp\/v2\/comments?post=10558"}],"version-history":[{"count":35,"href":"https:\/\/www.cafemotorbike.com\/it\/wp-json\/wp\/v2\/posts\/10558\/revisions"}],"predecessor-version":[{"id":12122,"href":"https:\/\/www.cafemotorbike.com\/it\/wp-json\/wp\/v2\/posts\/10558\/revisions\/12122"}],"wp:featuredmedia":[{"embeddable":true,"href":"https:\/\/www.cafemotorbike.com\/it\/wp-json\/wp\/v2\/media\/10908"}],"wp:attachment":[{"href":"https:\/\/www.cafemotorbike.com\/it\/wp-json\/wp\/v2\/media?parent=10558"}],"wp:term":[{"taxonomy":"category","embeddable":true,"href":"https:\/\/www.cafemotorbike.com\/it\/wp-json\/wp\/v2\/categories?post=10558"},{"taxonomy":"post_tag","embeddable":true,"href":"https:\/\/www.cafemotorbike.com\/it\/wp-json\/wp\/v2\/tags?post=10558"}],"curies":[{"name":"wp","href":"https:\/\/api.w.org\/{rel}","templated":true}]}}