{"id":10558,"date":"2024-10-15T14:23:06","date_gmt":"2024-10-15T14:23:06","guid":{"rendered":"https:\/\/staging.cafemotorbike.com\/?p=10558"},"modified":"2025-06-29T15:56:01","modified_gmt":"2025-06-29T15:56:01","slug":"aventuras-en-moto-por-tenerife-de-santa-cruz-a-valle-guerra","status":"publish","type":"post","link":"https:\/\/www.cafemotorbike.com\/es\/scenic-motorbike-escape-from-teide-to-santa-cruz\/","title":{"rendered":"1) Escapada panor\u00e1mica en moto: Del Teide a Santa Cruz"},"content":{"rendered":"<div data-elementor-type=\"wp-post\" data-elementor-id=\"10558\" class=\"elementor elementor-10558\" data-elementor-post-type=\"post\">\n\t\t\t\t\t\t<section class=\"elementor-section elementor-top-section elementor-element elementor-element-fd41f16 elementor-section-boxed elementor-section-height-default elementor-section-height-default\" data-id=\"fd41f16\" data-element_type=\"section\" data-e-type=\"section\">\n\t\t\t\t\t\t<div class=\"elementor-container elementor-column-gap-default\">\n\t\t\t\t\t<div class=\"elementor-column elementor-col-100 elementor-top-column elementor-element elementor-element-fab8f58\" data-id=\"fab8f58\" data-element_type=\"column\" data-e-type=\"column\">\n\t\t\t<div class=\"elementor-widget-wrap elementor-element-populated\">\n\t\t\t\t\t\t<div class=\"elementor-element elementor-element-01527c5 elementor-widget elementor-widget-text-editor\" data-id=\"01527c5\" data-element_type=\"widget\" data-e-type=\"widget\" data-widget_type=\"text-editor.default\">\n\t\t\t\t<div class=\"elementor-widget-container\">\n\t\t\t\t\t\t\t\t\t<h4>Explorar Tenerife en moto: Del Teide a Santa Cruz con parada en Puerto de la Cruz<\/h4>\n<p>Experimente la impresionante diversidad de Tenerife en una escapada en moto que comienza en el majestuoso Teide, serpentea por la hist\u00f3rica ciudad de Puerto de la Cruz y termina en la vibrante capital, Santa Cruz. Con <strong>Cafe Moto<\/strong>Si quieres disfrutar de un viaje lleno de contrastes paisaj\u00edsticos, desde las alturas del Teide hasta la costa norte y la ciudad m\u00e1s grande de la isla, puedes encontrar la moto perfecta.<\/p>\t\t\t\t\t\t\t\t<\/div>\n\t\t\t\t<\/div>\n\t\t\t\t\t<\/div>\n\t\t<\/div>\n\t\t\t\t\t<\/div>\n\t\t<\/section>\n\t\t\t\t<section class=\"elementor-section elementor-top-section elementor-element elementor-element-5dbede5 elementor-section-boxed elementor-section-height-default elementor-section-height-default\" data-id=\"5dbede5\" data-element_type=\"section\" data-e-type=\"section\">\n\t\t\t\t\t\t<div class=\"elementor-container elementor-column-gap-default\">\n\t\t\t\t\t<div class=\"elementor-column elementor-col-100 elementor-top-column elementor-element elementor-element-4f259b3\" data-id=\"4f259b3\" data-element_type=\"column\" data-e-type=\"column\">\n\t\t\t<div class=\"elementor-widget-wrap elementor-element-populated\">\n\t\t\t\t\t\t<div class=\"elementor-element elementor-element-34b4c3d elementor-widget elementor-widget-image\" data-id=\"34b4c3d\" data-element_type=\"widget\" data-e-type=\"widget\" data-widget_type=\"image.default\">\n\t\t\t\t<div class=\"elementor-widget-container\">\n\t\t\t\t\t\t\t\t\t\t\t\t\t\t\t\t<a href=\"https:\/\/maps.app.goo.gl\/LyzpN7p6oqiHucsY8\" target=\"_blank\" rel=\"noopener\">\n\t\t\t\t\t\t\t<img fetchpriority=\"high\" decoding=\"async\" width=\"1024\" height=\"405\" src=\"https:\/\/www.cafemotorbike.com\/wp-content\/uploads\/banner-rutas-1024x405.jpg\" class=\"attachment-large size-large wp-image-10700\" alt=\"\" srcset=\"https:\/\/www.cafemotorbike.com\/wp-content\/uploads\/banner-rutas-1024x405.jpg 1024w, https:\/\/www.cafemotorbike.com\/wp-content\/uploads\/banner-rutas-500x198.jpg 500w, https:\/\/www.cafemotorbike.com\/wp-content\/uploads\/banner-rutas-768x304.jpg 768w, https:\/\/www.cafemotorbike.com\/wp-content\/uploads\/banner-rutas-18x7.jpg 18w, https:\/\/www.cafemotorbike.com\/wp-content\/uploads\/banner-rutas-150x59.jpg 150w, https:\/\/www.cafemotorbike.com\/wp-content\/uploads\/banner-rutas-300x119.jpg 300w, https:\/\/www.cafemotorbike.com\/wp-content\/uploads\/banner-rutas.jpg 1536w\" sizes=\"(max-width: 1024px) 100vw, 1024px\" \/>\t\t\t\t\t\t\t\t<\/a>\n\t\t\t\t\t\t\t\t\t\t\t\t\t\t\t<\/div>\n\t\t\t\t<\/div>\n\t\t\t\t<div class=\"elementor-element elementor-element-da85dee detalles elementor-widget elementor-widget-text-editor\" data-id=\"da85dee\" data-element_type=\"widget\" data-e-type=\"widget\" data-widget_type=\"text-editor.default\">\n\t\t\t\t<div class=\"elementor-widget-container\">\n\t\t\t\t\t\t\t\t\t<ul><li><strong>Tiempo de viaje:<\/strong> Todo el d\u00eda (unas 6 horas, paradas incluidas).<\/li><li><strong>Tiempo de montar:<\/strong> 3 horas y 54 minutos.<\/li><li><strong>Distancia total:<\/strong> 234 km.<\/li><li><strong>El clima:<\/strong> Temperaturas frescas en el Teide (5-15 \u00b0C) en diciembre-febrero, suaves en el Puerto de la Cruz y c\u00e1lidas en Santa Cruz (20-26 \u00b0C).<\/li><li><strong>Paradas de combustible:<\/strong> No hay gasolineras en la carretera que sube y baja del Teide.<\/li><li><strong>Internet:<\/strong> Buena cobertura en la mayor parte del recorrido, aunque algunas zonas del Teide pueden tener se\u00f1al limitada.<\/li><\/ul>\t\t\t\t\t\t\t\t<\/div>\n\t\t\t\t<\/div>\n\t\t\t\t<div class=\"elementor-element elementor-element-92a7e37 elementor-button-info elementor-align-justify elementor-widget__width-inherit elementor-widget elementor-widget-button\" data-id=\"92a7e37\" data-element_type=\"widget\" data-e-type=\"widget\" data-widget_type=\"button.default\">\n\t\t\t\t<div class=\"elementor-widget-container\">\n\t\t\t\t\t\t\t\t\t<div class=\"elementor-button-wrapper\">\n\t\t\t\t\t<a class=\"elementor-button elementor-button-link elementor-size-sm\" href=\"https:\/\/maps.app.goo.gl\/LyzpN7p6oqiHucsY8\" target=\"_blank\" rel=\"noopener\">\n\t\t\t\t\t\t<span class=\"elementor-button-content-wrapper\">\n\t\t\t\t\t\t<span class=\"elementor-button-icon\">\n\t\t\t\t<i aria-hidden=\"true\" class=\"fas fa-map-signs\"><\/i>\t\t\t<\/span>\n\t\t\t\t\t\t\t\t\t<span class=\"elementor-button-text\">Ver Ruta<\/span>\n\t\t\t\t\t<\/span>\n\t\t\t\t\t<\/a>\n\t\t\t\t<\/div>\n\t\t\t\t\t\t\t\t<\/div>\n\t\t\t\t<\/div>\n\t\t\t\t\t<\/div>\n\t\t<\/div>\n\t\t\t\t\t<\/div>\n\t\t<\/section>\n\t\t\t\t<section class=\"elementor-section elementor-top-section elementor-element elementor-element-ea69a12 elementor-section-boxed elementor-section-height-default elementor-section-height-default\" data-id=\"ea69a12\" data-element_type=\"section\" data-e-type=\"section\">\n\t\t\t\t\t\t<div class=\"elementor-container elementor-column-gap-default\">\n\t\t\t\t\t<div class=\"elementor-column elementor-col-100 elementor-top-column elementor-element elementor-element-f76f2ae\" data-id=\"f76f2ae\" data-element_type=\"column\" data-e-type=\"column\">\n\t\t\t<div class=\"elementor-widget-wrap elementor-element-populated\">\n\t\t\t\t\t\t<div class=\"elementor-element elementor-element-4ca00d7 elementor-widget elementor-widget-text-editor\" data-id=\"4ca00d7\" data-element_type=\"widget\" data-e-type=\"widget\" data-widget_type=\"text-editor.default\">\n\t\t\t\t<div class=\"elementor-widget-container\">\n\t\t\t\t\t\t\t\t\t<h3>Inicio de la ruta<\/h3><p>Su viaje comienza en <strong>Parque Nacional del Teide<\/strong>un impresionante paisaje volc\u00e1nico como ning\u00fan otro lugar de Espa\u00f1a. Tome el <strong>TF-21<\/strong> y luego el <strong>TF-38<\/strong> que serpentean entre las monta\u00f1as y ofrecen espectaculares vistas sobre el Valle de Ucanca y el entorno volc\u00e1nico. Este primer tramo le sumergir\u00e1 en el majestuoso paisaje del Teide, con su paisaje rocoso y vastas extensiones de lava petrificada.<\/p>\t\t\t\t\t\t\t\t<\/div>\n\t\t\t\t<\/div>\n\t\t\t\t<div class=\"elementor-element elementor-element-e66d401 elementor-widget elementor-widget-video\" data-id=\"e66d401\" data-element_type=\"widget\" data-e-type=\"widget\" data-settings=\"{&quot;youtube_url&quot;:&quot;https:\\\/\\\/www.youtube.com\\\/watch?v=cXmdfWikTuA&quot;,&quot;start&quot;:1,&quot;video_type&quot;:&quot;youtube&quot;,&quot;controls&quot;:&quot;yes&quot;}\" data-widget_type=\"video.default\">\n\t\t\t\t<div class=\"elementor-widget-container\">\n\t\t\t\t\t\t\t<div class=\"elementor-wrapper elementor-open-inline\">\n\t\t\t<div class=\"elementor-video\"><\/div>\t\t<\/div>\n\t\t\t\t\t\t<\/div>\n\t\t\t\t<\/div>\n\t\t\t\t<div class=\"elementor-element elementor-element-e578b5a elementor-widget elementor-widget-text-editor\" data-id=\"e578b5a\" data-element_type=\"widget\" data-e-type=\"widget\" data-widget_type=\"text-editor.default\">\n\t\t\t\t<div class=\"elementor-widget-container\">\n\t\t\t\t\t\t\t\t\t<h3>Parada 2: Puerto de la Cruz y Lago Marti\u00e1nez<\/h3><p>Descienda hacia el norte para llegar a <strong>Puerto de la Cruz<\/strong>una ciudad encantadora con un ritmo relajado. No se pierda <strong>Lago Marti\u00e1nez<\/strong>Un complejo de piscinas de agua salada dise\u00f1ado por el reconocido artista canario C\u00e9sar Manrique, que combina arte y naturaleza en un entorno \u00fanico. Es el lugar perfecto para desconectar y disfrutar de un descanso junto al mar. Si le apetece comer algo, p\u00e1sese por <strong>El Lim\u00f3n<\/strong>Un lugar popular entre los lugare\u00f1os, conocido por sus tapas frescas y sus bocadillos.<\/p>\t\t\t\t\t\t\t\t<\/div>\n\t\t\t\t<\/div>\n\t\t\t\t<div class=\"elementor-element elementor-element-2173830 elementor-widget elementor-widget-image\" data-id=\"2173830\" data-element_type=\"widget\" data-e-type=\"widget\" data-widget_type=\"image.default\">\n\t\t\t\t<div class=\"elementor-widget-container\">\n\t\t\t\t\t\t\t\t\t\t\t\t\t\t\t<img decoding=\"async\" width=\"1024\" height=\"447\" src=\"https:\/\/www.cafemotorbike.com\/wp-content\/uploads\/puerto-de-la-cruz-1024x447.jpg\" class=\"attachment-large size-large wp-image-10766\" alt=\"\" srcset=\"https:\/\/www.cafemotorbike.com\/wp-content\/uploads\/puerto-de-la-cruz-1024x447.jpg 1024w, https:\/\/www.cafemotorbike.com\/wp-content\/uploads\/puerto-de-la-cruz-500x218.jpg 500w, https:\/\/www.cafemotorbike.com\/wp-content\/uploads\/puerto-de-la-cruz-768x335.jpg 768w, https:\/\/www.cafemotorbike.com\/wp-content\/uploads\/puerto-de-la-cruz-18x8.jpg 18w, https:\/\/www.cafemotorbike.com\/wp-content\/uploads\/puerto-de-la-cruz-150x65.jpg 150w, https:\/\/www.cafemotorbike.com\/wp-content\/uploads\/puerto-de-la-cruz-300x131.jpg 300w, https:\/\/www.cafemotorbike.com\/wp-content\/uploads\/puerto-de-la-cruz.jpg 1376w\" sizes=\"(max-width: 1024px) 100vw, 1024px\" \/>\t\t\t\t\t\t\t\t\t\t\t\t\t\t\t<\/div>\n\t\t\t\t<\/div>\n\t\t\t\t<div class=\"elementor-element elementor-element-ec97fe1 elementor-widget elementor-widget-text-editor\" data-id=\"ec97fe1\" data-element_type=\"widget\" data-e-type=\"widget\" data-widget_type=\"text-editor.default\">\n\t\t\t\t<div class=\"elementor-widget-container\">\n\t\t\t\t\t\t\t\t\t<h3>Parada 3: La Laguna y su casco hist\u00f3rico<\/h3><p>Desde Puerto de la Cruz, dir\u00edjase a La Laguna, una ciudad cargada de historia y declarada Patrimonio de la Humanidad por la UNESCO. Su casco antiguo es un laberinto de calles empedradas, iglesias y coloridas casas coloniales. Es el lugar ideal para una parada r\u00e1pida, donde podr\u00e1 pasear por sus calles y disfrutar de un caf\u00e9 en <strong>La Tasca El Gato Negro<\/strong>, un peque\u00f1o bar de ambiente acogedor y excelente cocina canaria.<\/p>\t\t\t\t\t\t\t\t<\/div>\n\t\t\t\t<\/div>\n\t\t\t\t<div class=\"elementor-element elementor-element-0b85d0c elementor-widget elementor-widget-image\" data-id=\"0b85d0c\" data-element_type=\"widget\" data-e-type=\"widget\" data-widget_type=\"image.default\">\n\t\t\t\t<div class=\"elementor-widget-container\">\n\t\t\t\t\t\t\t\t\t\t\t\t\t\t\t<img decoding=\"async\" width=\"1024\" height=\"683\" src=\"https:\/\/www.cafemotorbike.com\/wp-content\/uploads\/la-laguna-1-1024x683.jpg\" class=\"attachment-large size-large wp-image-10918\" alt=\"1) Escapada panor\u00e1mica en moto: Del Teide a Santa Cruz\" srcset=\"https:\/\/www.cafemotorbike.com\/wp-content\/uploads\/la-laguna-1-1024x683.jpg 1024w, https:\/\/www.cafemotorbike.com\/wp-content\/uploads\/la-laguna-1-500x333.jpg 500w, https:\/\/www.cafemotorbike.com\/wp-content\/uploads\/la-laguna-1-768x512.jpg 768w, https:\/\/www.cafemotorbike.com\/wp-content\/uploads\/la-laguna-1-18x12.jpg 18w, https:\/\/www.cafemotorbike.com\/wp-content\/uploads\/la-laguna-1-150x100.jpg 150w, https:\/\/www.cafemotorbike.com\/wp-content\/uploads\/la-laguna-1-300x200.jpg 300w, https:\/\/www.cafemotorbike.com\/wp-content\/uploads\/la-laguna-1.jpg 1200w\" sizes=\"(max-width: 1024px) 100vw, 1024px\" \/>\t\t\t\t\t\t\t\t\t\t\t\t\t\t\t<\/div>\n\t\t\t\t<\/div>\n\t\t\t\t<div class=\"elementor-element elementor-element-b3305e8 elementor-widget elementor-widget-text-editor\" data-id=\"b3305e8\" data-element_type=\"widget\" data-e-type=\"widget\" data-widget_type=\"text-editor.default\">\n\t\t\t\t<div class=\"elementor-widget-container\">\n\t\t\t\t\t\t\t\t\t<h3>Llegada a Santa Cruz de Tenerife<\/h3>\n<p>Su viaje concluye en <strong>Santa Cruz de Tenerife<\/strong>capital y coraz\u00f3n urbano de la isla. Pasee por el centro de la ciudad, visite la moderna <strong>Auditorio de Tenerife<\/strong>y rel\u00e1jese en <strong>Plaza de Espa\u00f1a<\/strong>. Es el lugar perfecto para relajarse en un caf\u00e9 al aire libre, admirando el contraste entre la arquitectura moderna y la vida tradicional canaria.<\/p>\t\t\t\t\t\t\t\t<\/div>\n\t\t\t\t<\/div>\n\t\t\t\t<div class=\"elementor-element elementor-element-7d8826d elementor-widget elementor-widget-image\" data-id=\"7d8826d\" data-element_type=\"widget\" data-e-type=\"widget\" data-widget_type=\"image.default\">\n\t\t\t\t<div class=\"elementor-widget-container\">\n\t\t\t\t\t\t\t\t\t\t\t\t\t\t\t<img loading=\"lazy\" decoding=\"async\" width=\"1200\" height=\"737\" src=\"https:\/\/www.cafemotorbike.com\/wp-content\/uploads\/Plaza_Espana-2.jpg\" class=\"attachment-full size-full wp-image-10923\" alt=\"1) Escapada panor\u00e1mica en moto: Del Teide a Santa Cruz\" srcset=\"https:\/\/www.cafemotorbike.com\/wp-content\/uploads\/Plaza_Espana-2.jpg 1200w, https:\/\/www.cafemotorbike.com\/wp-content\/uploads\/Plaza_Espana-2-500x307.jpg 500w, https:\/\/www.cafemotorbike.com\/wp-content\/uploads\/Plaza_Espana-2-1024x629.jpg 1024w, https:\/\/www.cafemotorbike.com\/wp-content\/uploads\/Plaza_Espana-2-768x472.jpg 768w, https:\/\/www.cafemotorbike.com\/wp-content\/uploads\/Plaza_Espana-2-18x12.jpg 18w, https:\/\/www.cafemotorbike.com\/wp-content\/uploads\/Plaza_Espana-2-150x92.jpg 150w, https:\/\/www.cafemotorbike.com\/wp-content\/uploads\/Plaza_Espana-2-300x184.jpg 300w\" sizes=\"(max-width: 1200px) 100vw, 1200px\" \/>\t\t\t\t\t\t\t\t\t\t\t\t\t\t\t<\/div>\n\t\t\t\t<\/div>\n\t\t\t\t<div class=\"elementor-element elementor-element-ddf28d4 elementor-widget elementor-widget-text-editor\" data-id=\"ddf28d4\" data-element_type=\"widget\" data-e-type=\"widget\" data-widget_type=\"text-editor.default\">\n\t\t\t\t<div class=\"elementor-widget-container\">\n\t\t\t\t\t\t\t\t\t<h3>Lo m\u00e1s destacado: Auditorio de Tenerife<\/h3>\n<p>En Santa Cruz, no querr\u00e1 perderse el <strong>Auditorio de Tenerife<\/strong>, un emblem\u00e1tico edificio dise\u00f1ado por Santiago Calatrava que se ha convertido en un s\u00edmbolo de la ciudad. Su moderna arquitectura es impactante y aporta un toque cultural para completar tu viaje en moto.<\/p>\t\t\t\t\t\t\t\t<\/div>\n\t\t\t\t<\/div>\n\t\t\t\t<div class=\"elementor-element elementor-element-75783e5 elementor-widget elementor-widget-text-editor\" data-id=\"75783e5\" data-element_type=\"widget\" data-e-type=\"widget\" data-widget_type=\"text-editor.default\">\n\t\t\t\t<div class=\"elementor-widget-container\">\n\t\t\t\t\t\t\t\t\t<h3>Reflexiones finales<\/h3><p>Esta ruta del Teide a Santa Cruz, con parada en el Puerto de la Cruz, ofrece una excelente combinaci\u00f3n de paisajes naturales y urbanos. <strong>Cafe Moto<\/strong> est\u00e1 aqu\u00ed para proporcionarte la moto perfecta para disfrutar de cada tramo de esta inolvidable aventura en Tenerife. \u00a1Reserva ahora y prep\u00e1rate para un viaje en moto que muestra lo mejor de la isla!<\/p>\t\t\t\t\t\t\t\t<\/div>\n\t\t\t\t<\/div>\n\t\t\t\t\t<\/div>\n\t\t<\/div>\n\t\t\t\t\t<\/div>\n\t\t<\/section>\n\t\t\t\t<section class=\"elementor-section elementor-top-section elementor-element elementor-element-351d5a8 elementor-section-boxed elementor-section-height-default elementor-section-height-default\" data-id=\"351d5a8\" data-element_type=\"section\" data-e-type=\"section\">\n\t\t\t\t\t\t<div class=\"elementor-container elementor-column-gap-default\">\n\t\t\t\t\t<div class=\"elementor-column elementor-col-100 elementor-top-column elementor-element elementor-element-4e3c3e9\" data-id=\"4e3c3e9\" data-element_type=\"column\" data-e-type=\"column\">\n\t\t\t<div class=\"elementor-widget-wrap elementor-element-populated\">\n\t\t\t\t\t\t<div class=\"elementor-element elementor-element-d3d0f03 elementor-widget elementor-widget-image\" data-id=\"d3d0f03\" data-element_type=\"widget\" data-e-type=\"widget\" data-widget_type=\"image.default\">\n\t\t\t\t<div class=\"elementor-widget-container\">\n\t\t\t\t\t\t\t\t\t\t\t\t\t\t\t\t<a href=\"https:\/\/maps.app.goo.gl\/3A4QWm4MhSvRmCvx8\" target=\"_blank\" rel=\"noopener\">\n\t\t\t\t\t\t\t<img fetchpriority=\"high\" decoding=\"async\" width=\"1024\" height=\"405\" src=\"https:\/\/www.cafemotorbike.com\/wp-content\/uploads\/banner-rutas-1024x405.jpg\" class=\"attachment-large size-large wp-image-10700\" alt=\"\" srcset=\"https:\/\/www.cafemotorbike.com\/wp-content\/uploads\/banner-rutas-1024x405.jpg 1024w, https:\/\/www.cafemotorbike.com\/wp-content\/uploads\/banner-rutas-500x198.jpg 500w, https:\/\/www.cafemotorbike.com\/wp-content\/uploads\/banner-rutas-768x304.jpg 768w, https:\/\/www.cafemotorbike.com\/wp-content\/uploads\/banner-rutas-18x7.jpg 18w, https:\/\/www.cafemotorbike.com\/wp-content\/uploads\/banner-rutas-150x59.jpg 150w, https:\/\/www.cafemotorbike.com\/wp-content\/uploads\/banner-rutas-300x119.jpg 300w, https:\/\/www.cafemotorbike.com\/wp-content\/uploads\/banner-rutas.jpg 1536w\" sizes=\"(max-width: 1024px) 100vw, 1024px\" \/>\t\t\t\t\t\t\t\t<\/a>\n\t\t\t\t\t\t\t\t\t\t\t\t\t\t\t<\/div>\n\t\t\t\t<\/div>\n\t\t\t\t\t<\/div>\n\t\t<\/div>\n\t\t\t\t\t<\/div>\n\t\t<\/section>\n\t\t\t\t<\/div>","protected":false},"excerpt":{"rendered":"<p>Explore Tenerife by Motorbike: From Teide to Santa Cruz with a Stop in Puerto de la Cruz Experience Tenerife\u2019s stunning diversity on a motorbike escape that starts at the majestic Mount Teide, winds through the historic town of Puerto de la Cruz, and ends in the vibrant capital, Santa Cruz. With Cafemotorbike, you can find [&hellip;]<\/p>\n","protected":false},"author":3,"featured_media":10908,"comment_status":"closed","ping_status":"open","sticky":false,"template":"","format":"standard","meta":{"footnotes":""},"categories":[92],"tags":[94,97],"class_list":["post-10558","post","type-post","status-publish","format-standard","has-post-thumbnail","hentry","category-routes","tag-santa-cruz","tag-teide"],"_links":{"self":[{"href":"https:\/\/www.cafemotorbike.com\/es\/wp-json\/wp\/v2\/posts\/10558","targetHints":{"allow":["GET"]}}],"collection":[{"href":"https:\/\/www.cafemotorbike.com\/es\/wp-json\/wp\/v2\/posts"}],"about":[{"href":"https:\/\/www.cafemotorbike.com\/es\/wp-json\/wp\/v2\/types\/post"}],"author":[{"embeddable":true,"href":"https:\/\/www.cafemotorbike.com\/es\/wp-json\/wp\/v2\/users\/3"}],"replies":[{"embeddable":true,"href":"https:\/\/www.cafemotorbike.com\/es\/wp-json\/wp\/v2\/comments?post=10558"}],"version-history":[{"count":35,"href":"https:\/\/www.cafemotorbike.com\/es\/wp-json\/wp\/v2\/posts\/10558\/revisions"}],"predecessor-version":[{"id":12122,"href":"https:\/\/www.cafemotorbike.com\/es\/wp-json\/wp\/v2\/posts\/10558\/revisions\/12122"}],"wp:featuredmedia":[{"embeddable":true,"href":"https:\/\/www.cafemotorbike.com\/es\/wp-json\/wp\/v2\/media\/10908"}],"wp:attachment":[{"href":"https:\/\/www.cafemotorbike.com\/es\/wp-json\/wp\/v2\/media?parent=10558"}],"wp:term":[{"taxonomy":"category","embeddable":true,"href":"https:\/\/www.cafemotorbike.com\/es\/wp-json\/wp\/v2\/categories?post=10558"},{"taxonomy":"post_tag","embeddable":true,"href":"https:\/\/www.cafemotorbike.com\/es\/wp-json\/wp\/v2\/tags?post=10558"}],"curies":[{"name":"wp","href":"https:\/\/api.w.org\/{rel}","templated":true}]}}