{"id":10707,"date":"2024-09-13T10:04:30","date_gmt":"2024-09-13T10:04:30","guid":{"rendered":"https:\/\/staging.cafemotorbike.com\/?p=10269"},"modified":"2025-06-29T16:02:22","modified_gmt":"2025-06-29T16:02:22","slug":"abenteuer-mit-dem-motorrad-auf-teneriffa-von-santa-cruz-bis-valle-guerra-6","status":"publish","type":"post","link":"https:\/\/www.cafemotorbike.com\/de\/discover-tenerife-by-motorbike-from-los-cristianos-to-puerto-de-la-cruz\/","title":{"rendered":"3) Teneriffa mit dem Motorrad entdecken: Von Los Cristianos nach Puerto de la Cruz"},"content":{"rendered":"<div data-elementor-type=\"wp-post\" data-elementor-id=\"10707\" class=\"elementor elementor-10707\" data-elementor-post-type=\"post\">\n\t\t\t\t\t\t<section class=\"elementor-section elementor-top-section elementor-element elementor-element-fd41f16 elementor-section-boxed elementor-section-height-default elementor-section-height-default\" data-id=\"fd41f16\" data-element_type=\"section\" data-e-type=\"section\">\n\t\t\t\t\t\t<div class=\"elementor-container elementor-column-gap-default\">\n\t\t\t\t\t<div class=\"elementor-column elementor-col-100 elementor-top-column elementor-element elementor-element-fab8f58\" data-id=\"fab8f58\" data-element_type=\"column\" data-e-type=\"column\">\n\t\t\t<div class=\"elementor-widget-wrap elementor-element-populated\">\n\t\t\t\t\t\t<div class=\"elementor-element elementor-element-01527c5 elementor-widget elementor-widget-text-editor\" data-id=\"01527c5\" data-element_type=\"widget\" data-e-type=\"widget\" data-widget_type=\"text-editor.default\">\n\t\t\t\t<div class=\"elementor-widget-container\">\n\t\t\t\t\t\t\t\t\t<h4>Mit dem Motorrad die K\u00fcste Teneriffas entlangfahren: Von Los Cristianos nach Puerto de la Cruz<\/h4>\n<p>Begeben Sie sich auf eine unvergessliche Reise entlang der vielf\u00e4ltigen K\u00fcsten Teneriffas, von den lebhaften Str\u00e4nden von Los Cristianos im S\u00fcden bis zum \u00fcppigen und historischen Puerto de la Cruz im Norden. Mit <strong>Cafe-Motorrad<\/strong>haben Sie die perfekte Fahrt, um die atemberaubenden K\u00fcstenlandschaften, die traditionellen St\u00e4dte und die lebendige Kultur Teneriffas zu erkunden. Diese Route bietet eine aufregende Mischung aus sonnigen Str\u00e4nden, dramatischen Berglandschaften und dem reichen Erbe der Insel.<\/p>\t\t\t\t\t\t\t\t<\/div>\n\t\t\t\t<\/div>\n\t\t\t\t\t<\/div>\n\t\t<\/div>\n\t\t\t\t\t<\/div>\n\t\t<\/section>\n\t\t\t\t<section class=\"elementor-section elementor-top-section elementor-element elementor-element-5dbede5 elementor-section-boxed elementor-section-height-default elementor-section-height-default\" data-id=\"5dbede5\" data-element_type=\"section\" data-e-type=\"section\">\n\t\t\t\t\t\t<div class=\"elementor-container elementor-column-gap-default\">\n\t\t\t\t\t<div class=\"elementor-column elementor-col-100 elementor-top-column elementor-element elementor-element-4f259b3\" data-id=\"4f259b3\" data-element_type=\"column\" data-e-type=\"column\">\n\t\t\t<div class=\"elementor-widget-wrap elementor-element-populated\">\n\t\t\t\t\t\t<div class=\"elementor-element elementor-element-34b4c3d elementor-widget elementor-widget-image\" data-id=\"34b4c3d\" data-element_type=\"widget\" data-e-type=\"widget\" data-widget_type=\"image.default\">\n\t\t\t\t<div class=\"elementor-widget-container\">\n\t\t\t\t\t\t\t\t\t\t\t\t\t\t\t\t<a href=\"https:\/\/maps.app.goo.gl\/y9DAYGbAUawUCv3r7\" target=\"_blank\" rel=\"noopener\">\n\t\t\t\t\t\t\t<img fetchpriority=\"high\" decoding=\"async\" width=\"1024\" height=\"405\" src=\"https:\/\/www.cafemotorbike.com\/wp-content\/uploads\/banner-rutas-1024x405.jpg\" class=\"attachment-large size-large wp-image-10700\" alt=\"\" srcset=\"https:\/\/www.cafemotorbike.com\/wp-content\/uploads\/banner-rutas-1024x405.jpg 1024w, https:\/\/www.cafemotorbike.com\/wp-content\/uploads\/banner-rutas-500x198.jpg 500w, https:\/\/www.cafemotorbike.com\/wp-content\/uploads\/banner-rutas-768x304.jpg 768w, https:\/\/www.cafemotorbike.com\/wp-content\/uploads\/banner-rutas-18x7.jpg 18w, https:\/\/www.cafemotorbike.com\/wp-content\/uploads\/banner-rutas-150x59.jpg 150w, https:\/\/www.cafemotorbike.com\/wp-content\/uploads\/banner-rutas-300x119.jpg 300w, https:\/\/www.cafemotorbike.com\/wp-content\/uploads\/banner-rutas.jpg 1536w\" sizes=\"(max-width: 1024px) 100vw, 1024px\" \/>\t\t\t\t\t\t\t\t<\/a>\n\t\t\t\t\t\t\t\t\t\t\t\t\t\t\t<\/div>\n\t\t\t\t<\/div>\n\t\t\t\t<div class=\"elementor-element elementor-element-da85dee detalles elementor-widget elementor-widget-text-editor\" data-id=\"da85dee\" data-element_type=\"widget\" data-e-type=\"widget\" data-widget_type=\"text-editor.default\">\n\t\t\t\t<div class=\"elementor-widget-container\">\n\t\t\t\t\t\t\t\t\t<ul><li><strong>Reisezeit:<\/strong> Etwa ein halber Tag (ca. 4 Stunden, einschlie\u00dflich Pausen).<\/li><li><strong>Zeit zum Reiten:<\/strong> 2 Stunden und 20 Minuten.<\/li><li><strong>Gesamtentfernung:<\/strong> 90 km.<\/li><li><strong>Das Klima:<\/strong> Warm und sonnig im S\u00fcden (25-30 \u00b0C), k\u00fchler und mild im Norden (20-25 \u00b0C).<\/li><li><strong>Tankstopps:<\/strong> Tankstellen entlang der gesamten Strecke.<\/li><li><strong>Internet:<\/strong> Internetabdeckung entlang der gesamten Strecke<\/li><\/ul>\t\t\t\t\t\t\t\t<\/div>\n\t\t\t\t<\/div>\n\t\t\t\t<div class=\"elementor-element elementor-element-92a7e37 elementor-button-info elementor-align-justify elementor-widget__width-inherit elementor-widget elementor-widget-button\" data-id=\"92a7e37\" data-element_type=\"widget\" data-e-type=\"widget\" data-widget_type=\"button.default\">\n\t\t\t\t<div class=\"elementor-widget-container\">\n\t\t\t\t\t\t\t\t\t<div class=\"elementor-button-wrapper\">\n\t\t\t\t\t<a class=\"elementor-button elementor-button-link elementor-size-sm\" href=\"https:\/\/maps.app.goo.gl\/y9DAYGbAUawUCv3r7\" target=\"_blank\" rel=\"noopener\">\n\t\t\t\t\t\t<span class=\"elementor-button-content-wrapper\">\n\t\t\t\t\t\t<span class=\"elementor-button-icon\">\n\t\t\t\t<i aria-hidden=\"true\" class=\"fas fa-map-signs\"><\/i>\t\t\t<\/span>\n\t\t\t\t\t\t\t\t\t<span class=\"elementor-button-text\">Ansicht Route<\/span>\n\t\t\t\t\t<\/span>\n\t\t\t\t\t<\/a>\n\t\t\t\t<\/div>\n\t\t\t\t\t\t\t\t<\/div>\n\t\t\t\t<\/div>\n\t\t\t\t\t<\/div>\n\t\t<\/div>\n\t\t\t\t\t<\/div>\n\t\t<\/section>\n\t\t\t\t<section class=\"elementor-section elementor-top-section elementor-element elementor-element-ea69a12 elementor-section-boxed elementor-section-height-default elementor-section-height-default\" data-id=\"ea69a12\" data-element_type=\"section\" data-e-type=\"section\">\n\t\t\t\t\t\t<div class=\"elementor-container elementor-column-gap-default\">\n\t\t\t\t\t<div class=\"elementor-column elementor-col-100 elementor-top-column elementor-element elementor-element-f76f2ae\" data-id=\"f76f2ae\" data-element_type=\"column\" data-e-type=\"column\">\n\t\t\t<div class=\"elementor-widget-wrap elementor-element-populated\">\n\t\t\t\t\t\t<div class=\"elementor-element elementor-element-4ca00d7 elementor-widget elementor-widget-text-editor\" data-id=\"4ca00d7\" data-element_type=\"widget\" data-e-type=\"widget\" data-widget_type=\"text-editor.default\">\n\t\t\t\t<div class=\"elementor-widget-container\">\n\t\t\t\t\t\t\t\t\t<h3>Startpunkt: Los Cristianos<\/h3>\n<p>Ihre Reise beginnt in <strong>Los Cristianos<\/strong>eine lebhafte Strandstadt mit vielen Attraktionen. Bevor Sie sich auf den Weg machen, k\u00f6nnen Sie einen Spaziergang entlang der Promenade machen und die Atmosph\u00e4re am Meer genie\u00dfen. Sie beginnen die Fahrt auf der <strong>TF-1<\/strong>in Richtung Norden, mit dem Meer an Ihrer Seite, und schlie\u00dfen Sie dann an die <strong>TF-28<\/strong>Eine landschaftlich reizvolle Strecke, die sich durch traditionelle kanarische D\u00f6rfer schl\u00e4ngelt und atemberaubende Ausblicke auf die K\u00fcste bietet.<\/p>\t\t\t\t\t\t\t\t<\/div>\n\t\t\t\t<\/div>\n\t\t\t\t<div class=\"elementor-element elementor-element-e66d401 elementor-widget elementor-widget-video\" data-id=\"e66d401\" data-element_type=\"widget\" data-e-type=\"widget\" data-settings=\"{&quot;youtube_url&quot;:&quot;https:\\\/\\\/www.youtube.com\\\/watch?v=BwOvEUfcGB8&quot;,&quot;video_type&quot;:&quot;youtube&quot;,&quot;controls&quot;:&quot;yes&quot;}\" data-widget_type=\"video.default\">\n\t\t\t\t<div class=\"elementor-widget-container\">\n\t\t\t\t\t\t\t<div class=\"elementor-wrapper elementor-open-inline\">\n\t\t\t<div class=\"elementor-video\"><\/div>\t\t<\/div>\n\t\t\t\t\t\t<\/div>\n\t\t\t\t<\/div>\n\t\t\t\t<div class=\"elementor-element elementor-element-e578b5a elementor-widget elementor-widget-text-editor\" data-id=\"e578b5a\" data-element_type=\"widget\" data-e-type=\"widget\" data-widget_type=\"text-editor.default\">\n\t\t\t\t<div class=\"elementor-widget-container\">\n\t\t\t\t\t\t\t\t\t<h3>Haltestelle 1: Acantilados de Los Gigantes<\/h3><p>Die Steilk\u00fcste von Los Gigantes de Tenerife ist ein unverzichtbares Ausflugsziel auf Teneriffa und neben dem Teide eines der bedeutendsten Naturjuwelen der Insel. Sie eignet sich hervorragend zum Beobachten von Walen, zum Tauchen oder zum Abschalten von der Welt.<br \/>Die W\u00e4nde der Steilk\u00fcste von Los Gigantes haben einen senkrechten H\u00f6henunterschied zum Meer, der an manchen Stellen 600 Meter \u00fcbersteigt! Die dunkle Farbe der W\u00e4nde und die S\u00e4ulen aus erstarrter Lava machen Los Gigantes zu einer einzigartigen Naturlandschaft auf Teneriffa.<\/p>\t\t\t\t\t\t\t\t<\/div>\n\t\t\t\t<\/div>\n\t\t\t\t<div class=\"elementor-element elementor-element-2173830 elementor-widget elementor-widget-image\" data-id=\"2173830\" data-element_type=\"widget\" data-e-type=\"widget\" data-widget_type=\"image.default\">\n\t\t\t\t<div class=\"elementor-widget-container\">\n\t\t\t\t\t\t\t\t\t\t\t\t\t\t\t<img decoding=\"async\" width=\"1024\" height=\"538\" src=\"https:\/\/www.cafemotorbike.com\/wp-content\/uploads\/puerto-santiago-1024x538.jpg\" class=\"attachment-large size-large wp-image-10732\" alt=\"\" srcset=\"https:\/\/www.cafemotorbike.com\/wp-content\/uploads\/puerto-santiago-1024x538.jpg 1024w, https:\/\/www.cafemotorbike.com\/wp-content\/uploads\/puerto-santiago-500x263.jpg 500w, https:\/\/www.cafemotorbike.com\/wp-content\/uploads\/puerto-santiago-768x403.jpg 768w, https:\/\/www.cafemotorbike.com\/wp-content\/uploads\/puerto-santiago-18x9.jpg 18w, https:\/\/www.cafemotorbike.com\/wp-content\/uploads\/puerto-santiago-150x79.jpg 150w, https:\/\/www.cafemotorbike.com\/wp-content\/uploads\/puerto-santiago-300x158.jpg 300w, https:\/\/www.cafemotorbike.com\/wp-content\/uploads\/puerto-santiago.jpg 1200w\" sizes=\"(max-width: 1024px) 100vw, 1024px\" \/>\t\t\t\t\t\t\t\t\t\t\t\t\t\t\t<\/div>\n\t\t\t\t<\/div>\n\t\t\t\t<div class=\"elementor-element elementor-element-ec97fe1 elementor-widget elementor-widget-text-editor\" data-id=\"ec97fe1\" data-element_type=\"widget\" data-e-type=\"widget\" data-widget_type=\"text-editor.default\">\n\t\t\t\t<div class=\"elementor-widget-container\">\n\t\t\t\t\t\t\t\t\t<h3>Haltestelle 2: Mirador de La Monta\u00f1eta<\/h3>\n<p>Weiter geht es entlang der <strong>TF-373<\/strong>Durch \u00fcppige Kiefernw\u00e4lder erreichen Sie die <strong>Aussichtspunkt von La Monta\u00f1eta<\/strong>Ein malerischer Aussichtspunkt, von dem aus man einen weiten Blick auf die Berge und T\u00e4ler unter uns hat. Dies ist ein idealer Ort f\u00fcr eine kurze Pause, um die nat\u00fcrliche Sch\u00f6nheit Teneriffas zu genie\u00dfen. Bringen Sie Ihre Kamera mit, denn das Panorama hier ist atemberaubend!<\/p>\t\t\t\t\t\t\t\t<\/div>\n\t\t\t\t<\/div>\n\t\t\t\t<div class=\"elementor-element elementor-element-0b85d0c elementor-widget elementor-widget-image\" data-id=\"0b85d0c\" data-element_type=\"widget\" data-e-type=\"widget\" data-widget_type=\"image.default\">\n\t\t\t\t<div class=\"elementor-widget-container\">\n\t\t\t\t\t\t\t\t\t\t\t\t\t\t\t<img decoding=\"async\" width=\"1024\" height=\"538\" src=\"https:\/\/www.cafemotorbike.com\/wp-content\/uploads\/post-moto-10269-02.jpg\" class=\"attachment-large size-large wp-image-10658\" alt=\"\" srcset=\"https:\/\/www.cafemotorbike.com\/wp-content\/uploads\/post-moto-10269-02.jpg 1024w, https:\/\/www.cafemotorbike.com\/wp-content\/uploads\/post-moto-10269-02-500x263.jpg 500w, https:\/\/www.cafemotorbike.com\/wp-content\/uploads\/post-moto-10269-02-768x404.jpg 768w, https:\/\/www.cafemotorbike.com\/wp-content\/uploads\/post-moto-10269-02-18x9.jpg 18w, https:\/\/www.cafemotorbike.com\/wp-content\/uploads\/post-moto-10269-02-150x79.jpg 150w, https:\/\/www.cafemotorbike.com\/wp-content\/uploads\/post-moto-10269-02-300x158.jpg 300w\" sizes=\"(max-width: 1024px) 100vw, 1024px\" \/>\t\t\t\t\t\t\t\t\t\t\t\t\t\t\t<\/div>\n\t\t\t\t<\/div>\n\t\t\t\t<div class=\"elementor-element elementor-element-b3305e8 elementor-widget elementor-widget-text-editor\" data-id=\"b3305e8\" data-element_type=\"widget\" data-e-type=\"widget\" data-widget_type=\"text-editor.default\">\n\t\t\t\t<div class=\"elementor-widget-container\">\n\t\t\t\t\t\t\t\t\t<h3>Reiseziel: Puerto de la Cruz<\/h3>\n<p>Ankunft am endg\u00fcltigen Zielort, <strong>Puerto de la Cruz<\/strong>eine charmante K\u00fcstenstadt, die f\u00fcr ihre pulsierende Kultur und ihr sch\u00f6nes Hafenviertel bekannt ist. Fahrt nach <strong>Plaza del Charco<\/strong>auf dem belebten Hauptplatz der Stadt, wo Sie in einem der Stra\u00dfencaf\u00e9s einen Kaffee trinken k\u00f6nnen. Machen Sie einen Spaziergang entlang der Strandpromenade oder besuchen Sie das nahe gelegene <strong>Lago Marti\u00e1nez<\/strong>ein einzigartiger Komplex von Salzwasserbecken, entworfen von C\u00e9sar Manrique.<\/p>\t\t\t\t\t\t\t\t<\/div>\n\t\t\t\t<\/div>\n\t\t\t\t<div class=\"elementor-element elementor-element-ddf28d4 elementor-widget elementor-widget-text-editor\" data-id=\"ddf28d4\" data-element_type=\"widget\" data-e-type=\"widget\" data-widget_type=\"text-editor.default\">\n\t\t\t\t<div class=\"elementor-widget-container\">\n\t\t\t\t\t\t\t\t\t<h3>H\u00f6hepunkt: Plaza del Charco<\/h3>\n<p>In Puerto de la Cruz, <strong>Plaza del Charco<\/strong> ist ein Muss. Umgeben von traditionellen Restaurants, Palmen und lebhaftem Treiben ist er der perfekte Ort, um Ihre Reise zu beenden. Dieser historische Platz ist ein Treffpunkt f\u00fcr Einheimische und Touristen gleicherma\u00dfen und bietet eine Mischung aus Entspannung und kanarischem Leben.<\/p>\t\t\t\t\t\t\t\t<\/div>\n\t\t\t\t<\/div>\n\t\t\t\t<div class=\"elementor-element elementor-element-75783e5 elementor-widget elementor-widget-text-editor\" data-id=\"75783e5\" data-element_type=\"widget\" data-e-type=\"widget\" data-widget_type=\"text-editor.default\">\n\t\t\t\t<div class=\"elementor-widget-container\">\n\t\t\t\t\t\t\t\t\t<h3>Zusammenfassung<\/h3>\n<p>Diese K\u00fcstenmotorradroute von Los Cristianos nach Puerto de la Cruz bietet ein wunderbares Erlebnis der vielf\u00e4ltigen Landschaften und lebendigen St\u00e4dte Teneriffas. Mit <strong>Cafe-Motorrad<\/strong>haben Sie das ideale Motorrad f\u00fcr eine landschaftlich reizvolle und angenehme Reise \u00fcber die Insel. Buchen Sie jetzt Ihr Motorrad und machen Sie sich bereit, die Sch\u00f6nheit der K\u00fcste Teneriffas von S\u00fcden nach Norden zu erkunden!<\/p>\t\t\t\t\t\t\t\t<\/div>\n\t\t\t\t<\/div>\n\t\t\t\t\t<\/div>\n\t\t<\/div>\n\t\t\t\t\t<\/div>\n\t\t<\/section>\n\t\t\t\t<section class=\"elementor-section elementor-top-section elementor-element elementor-element-351d5a8 elementor-section-boxed elementor-section-height-default elementor-section-height-default\" data-id=\"351d5a8\" data-element_type=\"section\" data-e-type=\"section\">\n\t\t\t\t\t\t<div class=\"elementor-container elementor-column-gap-default\">\n\t\t\t\t\t<div class=\"elementor-column elementor-col-100 elementor-top-column elementor-element elementor-element-4e3c3e9\" data-id=\"4e3c3e9\" data-element_type=\"column\" data-e-type=\"column\">\n\t\t\t<div class=\"elementor-widget-wrap elementor-element-populated\">\n\t\t\t\t\t\t<div class=\"elementor-element elementor-element-d3d0f03 elementor-widget elementor-widget-image\" data-id=\"d3d0f03\" data-element_type=\"widget\" data-e-type=\"widget\" data-widget_type=\"image.default\">\n\t\t\t\t<div class=\"elementor-widget-container\">\n\t\t\t\t\t\t\t\t\t\t\t\t\t\t\t\t<a href=\"https:\/\/maps.app.goo.gl\/y9DAYGbAUawUCv3r7\" target=\"_blank\" rel=\"noopener\">\n\t\t\t\t\t\t\t<img fetchpriority=\"high\" decoding=\"async\" width=\"1024\" height=\"405\" src=\"https:\/\/www.cafemotorbike.com\/wp-content\/uploads\/banner-rutas-1024x405.jpg\" class=\"attachment-large size-large wp-image-10700\" alt=\"\" srcset=\"https:\/\/www.cafemotorbike.com\/wp-content\/uploads\/banner-rutas-1024x405.jpg 1024w, https:\/\/www.cafemotorbike.com\/wp-content\/uploads\/banner-rutas-500x198.jpg 500w, https:\/\/www.cafemotorbike.com\/wp-content\/uploads\/banner-rutas-768x304.jpg 768w, https:\/\/www.cafemotorbike.com\/wp-content\/uploads\/banner-rutas-18x7.jpg 18w, https:\/\/www.cafemotorbike.com\/wp-content\/uploads\/banner-rutas-150x59.jpg 150w, https:\/\/www.cafemotorbike.com\/wp-content\/uploads\/banner-rutas-300x119.jpg 300w, https:\/\/www.cafemotorbike.com\/wp-content\/uploads\/banner-rutas.jpg 1536w\" sizes=\"(max-width: 1024px) 100vw, 1024px\" \/>\t\t\t\t\t\t\t\t<\/a>\n\t\t\t\t\t\t\t\t\t\t\t\t\t\t\t<\/div>\n\t\t\t\t<\/div>\n\t\t\t\t\t<\/div>\n\t\t<\/div>\n\t\t\t\t\t<\/div>\n\t\t<\/section>\n\t\t\t\t<\/div>","protected":false},"excerpt":{"rendered":"<p>Ride Along Tenerife\u2019s Coastline by Motorbike: From Los Cristianos to Puerto de la Cruz Embark on an unforgettable journey along Tenerife\u2019s diverse coastlines, from the lively beaches of Los Cristianos in the south to the lush and historic Puerto de la Cruz in the north. With Cafemotorbike, you\u2019ll have the perfect ride to explore Tenerife\u2019s [&hellip;]<\/p>\n","protected":false},"author":3,"featured_media":11161,"comment_status":"closed","ping_status":"open","sticky":false,"template":"","format":"standard","meta":{"footnotes":""},"categories":[92],"tags":[100],"class_list":["post-10707","post","type-post","status-publish","format-standard","has-post-thumbnail","hentry","category-routes","tag-puerto-de-la-cruz"],"_links":{"self":[{"href":"https:\/\/www.cafemotorbike.com\/de\/wp-json\/wp\/v2\/posts\/10707","targetHints":{"allow":["GET"]}}],"collection":[{"href":"https:\/\/www.cafemotorbike.com\/de\/wp-json\/wp\/v2\/posts"}],"about":[{"href":"https:\/\/www.cafemotorbike.com\/de\/wp-json\/wp\/v2\/types\/post"}],"author":[{"embeddable":true,"href":"https:\/\/www.cafemotorbike.com\/de\/wp-json\/wp\/v2\/users\/3"}],"replies":[{"embeddable":true,"href":"https:\/\/www.cafemotorbike.com\/de\/wp-json\/wp\/v2\/comments?post=10707"}],"version-history":[{"count":13,"href":"https:\/\/www.cafemotorbike.com\/de\/wp-json\/wp\/v2\/posts\/10707\/revisions"}],"predecessor-version":[{"id":12143,"href":"https:\/\/www.cafemotorbike.com\/de\/wp-json\/wp\/v2\/posts\/10707\/revisions\/12143"}],"wp:featuredmedia":[{"embeddable":true,"href":"https:\/\/www.cafemotorbike.com\/de\/wp-json\/wp\/v2\/media\/11161"}],"wp:attachment":[{"href":"https:\/\/www.cafemotorbike.com\/de\/wp-json\/wp\/v2\/media?parent=10707"}],"wp:term":[{"taxonomy":"category","embeddable":true,"href":"https:\/\/www.cafemotorbike.com\/de\/wp-json\/wp\/v2\/categories?post=10707"},{"taxonomy":"post_tag","embeddable":true,"href":"https:\/\/www.cafemotorbike.com\/de\/wp-json\/wp\/v2\/tags?post=10707"}],"curies":[{"name":"wp","href":"https:\/\/api.w.org\/{rel}","templated":true}]}}